{"id":181754,"date":"2025-05-07T09:45:29","date_gmt":"2025-05-07T15:45:29","guid":{"rendered":"https:\/\/nvnoticias.mx\/?p=181754"},"modified":"2025-05-07T09:45:31","modified_gmt":"2025-05-07T15:45:31","slug":"ovidio-guzman-se-declarara-culpable-en-chicago","status":"publish","type":"post","link":"https:\/\/nvnoticias.mx\/index.php\/2025\/05\/07\/ovidio-guzman-se-declarara-culpable-en-chicago\/","title":{"rendered":"Ovidio Guzm\u00e1n se declarar\u00e1 culpable en Chicago\u00a0"},"content":{"rendered":"\n<p>Ovidio Guzm\u00e1n, hijo del narcotraficante Joaqu\u00edn El Chapo Guzm\u00e1n, se declarar\u00e1 culpable de diversos cargos de narcotr\u00e1fico ante una jueza federal de Chicago, en una audiencia programada para el 9 de julio, tras llegar a un acuerdo con fiscales de los Estados Unidos.<\/p>\n\n\n\n<p>En una notificaci\u00f3n judicial ingresada, el martes 6 de mayo, a los registros de la Corte Federal se anunci\u00f3 la cancelaci\u00f3n de la audiencia que se hab\u00eda programado para el pr\u00f3ximo 12 de mayo.&nbsp;<\/p>\n\n\n\n<p>Esto tras el anuncio de que las partes han alcanzado un acuerdo que permitir\u00e1 al acusado declararse culpable, renunciado a su derecho a ir a juicio, a cambio de una recomendaci\u00f3n para que se le imponga una pena reducida.<br><br><\/p>\n\n\n\n<p>Es posible, adem\u00e1s, que el acuerdo implique alg\u00fan compromiso previo o futuro para que Ovidio Guzm\u00e1n sea testigo en otros procesos.<\/p>\n\n\n\n<p>La Corte ha ordenado a los fiscales federales que tres d\u00edas antes de la audiencia del 9 de julio, como m\u00e1ximo, se envi\u00e9 a la jueza Sharon Coleman una copia del acuerdo<br><\/p>\n\n\n\n<p>Fuente: <a href=\"https:\/\/www.milenio.com\/policia\/ovidio-guzman-declarara-culpable-audiencia-chicago\">Milenio<\/a><\/p>\n\n\n\n<p><\/p>\n","protected":false},"excerpt":{"rendered":"<p>Ovidio Guzm\u00e1n, hijo del narcotraficante Joaqu\u00edn El Chapo Guzm\u00e1n, se declarar\u00e1 culpable de diversos cargos de narcotr\u00e1fico ante una jueza federal de Chicago, en una audiencia programada para el 9 de julio, tras llegar a un acuerdo con fiscales de los Estados Unidos. En una notificaci\u00f3n judicial ingresada, el martes 6 de mayo, a los [&hellip;]<\/p>\n","protected":false},"author":35,"featured_media":89144,"comment_status":"open","ping_status":"open","sticky":false,"template":"","format":"standard","meta":{"_monsterinsights_skip_tracking":false,"_monsterinsights_sitenote_active":false,"_monsterinsights_sitenote_note":"","_monsterinsights_sitenote_category":0,"footnotes":""},"categories":[181],"tags":[4708,183,7928,162],"class_list":["post-181754","post","type-post","status-publish","format-standard","has-post-thumbnail","hentry","category-internacional","tag-culpable","tag-estados-unidos","tag-ovidio-guzman","tag-portada","wp-image-borders"],"amp_enabled":true,"_links":{"self":[{"href":"https:\/\/nvnoticias.mx\/index.php\/wp-json\/wp\/v2\/posts\/181754","targetHints":{"allow":["GET"]}}],"collection":[{"href":"https:\/\/nvnoticias.mx\/index.php\/wp-json\/wp\/v2\/posts"}],"about":[{"href":"https:\/\/nvnoticias.mx\/index.php\/wp-json\/wp\/v2\/types\/post"}],"author":[{"embeddable":true,"href":"https:\/\/nvnoticias.mx\/index.php\/wp-json\/wp\/v2\/users\/35"}],"replies":[{"embeddable":true,"href":"https:\/\/nvnoticias.mx\/index.php\/wp-json\/wp\/v2\/comments?post=181754"}],"version-history":[{"count":3,"href":"https:\/\/nvnoticias.mx\/index.php\/wp-json\/wp\/v2\/posts\/181754\/revisions"}],"predecessor-version":[{"id":181757,"href":"https:\/\/nvnoticias.mx\/index.php\/wp-json\/wp\/v2\/posts\/181754\/revisions\/181757"}],"wp:featuredmedia":[{"embeddable":true,"href":"https:\/\/nvnoticias.mx\/index.php\/wp-json\/wp\/v2\/media\/89144"}],"wp:attachment":[{"href":"https:\/\/nvnoticias.mx\/index.php\/wp-json\/wp\/v2\/media?parent=181754"}],"wp:term":[{"taxonomy":"category","embeddable":true,"href":"https:\/\/nvnoticias.mx\/index.php\/wp-json\/wp\/v2\/categories?post=181754"},{"taxonomy":"post_tag","embeddable":true,"href":"https:\/\/nvnoticias.mx\/index.php\/wp-json\/wp\/v2\/tags?post=181754"}],"curies":[{"name":"wp","href":"https:\/\/api.w.org\/{rel}","templated":true}]}}