{"id":181690,"date":"2025-05-06T14:07:37","date_gmt":"2025-05-06T20:07:37","guid":{"rendered":"https:\/\/nvnoticias.mx\/?p=181690"},"modified":"2025-05-06T14:07:39","modified_gmt":"2025-05-06T20:07:39","slug":"saldra-bien-la-eleccion-judicial-sheinbaum","status":"publish","type":"post","link":"https:\/\/nvnoticias.mx\/index.php\/2025\/05\/06\/saldra-bien-la-eleccion-judicial-sheinbaum\/","title":{"rendered":"Saldr\u00e1 bien la elecci\u00f3n judicial: Sheinbaum"},"content":{"rendered":"\n<p><em>&nbsp;<\/em>A menos de un mes de la contienda judicial, la presidenta Claudia Sheinbaum Pardo asegur\u00f3 que \u201cva a salir bien la elecci\u00f3n, pues \u201caunque supongamos que no participe casi nadie, cinco millones de personas -estoy diciendo un n\u00famero hipot\u00e9tico, no tiene nada que ver lo que yo piense- es muy distinto a que decida uno\u201d, como ocurr\u00eda antes, en referencia al titular del Ejecutivo Federal.<\/p>\n\n\n\n<p>\u201cAhora, si participan diez (millones), pues imag\u00ednense, es otra cosa. No hay que tenerle miedo al pueblo, al contrario, hay que estar muy orgullosos del pueblo de M\u00e9xico\u201d, afirm\u00f3 la mandataria.<\/p>\n\n\n\n<p>La mandataria se\u00f1al\u00f3 que aument\u00f3 de 30 a 60 por ciento el conocimiento entre la poblaci\u00f3n de que el primero de junio pr\u00f3ximo ser\u00e1n las elecciones judiciales.<\/p>\n\n\n\n<p>\u201cLo importante es que la gente participe, que conozcan los perfiles (de candidatos)&#8230; Todav\u00eda hay que difundir m\u00e1s, pero ha subido el conocimiento. Vamos a seguir informando y el INE promueva m\u00e1s el d\u00eda de la elecci\u00f3n y todos a participar\u201d, convoc\u00f3.<\/p>\n\n\n\n<p>Record\u00f3 que antes, el Presidente de la Rep\u00fablica enviaba su terna (de ministros) y decid\u00eda el Senado. Si \u00e9ste \u201cno, no se pon\u00eda de acuerdo, entonces decid\u00eda el presidente\u201d. Resalt\u00f3 que esa reforma se aprob\u00f3 en la \u00e9poca de Ernesto Zedillo.<\/p>\n\n\n\n<p>Indic\u00f3 que las cifras que dio de participaci\u00f3n \u201cson n\u00fameros hipot\u00e9ticos, para que no anden diciendo que yo tengo mis n\u00fameros de qui\u00e9n va a votar y qui\u00e9n no va a votar. Dije los n\u00fameros nada m\u00e1s para poner en comparaci\u00f3n lo que significa que decida una persona, frente a millones\u201d.<\/p>\n\n\n\n<p>Fuente: La <a href=\"https:\/\/www.jornada.com.mx\/noticia\/2025\/05\/06\/politica\/saldra-bien-la-eleccion-judicial-asegura-sheinbaum\">Jornada<\/a><\/p>\n\n\n\n<p><br><\/p>\n\n\n\n<p><\/p>\n","protected":false},"excerpt":{"rendered":"<p>&nbsp;A menos de un mes de la contienda judicial, la presidenta Claudia Sheinbaum Pardo asegur\u00f3 que \u201cva a salir bien la elecci\u00f3n, pues \u201caunque supongamos que no participe casi nadie, cinco millones de personas -estoy diciendo un n\u00famero hipot\u00e9tico, no tiene nada que ver lo que yo piense- es muy distinto a que decida uno\u201d, [&hellip;]<\/p>\n","protected":false},"author":35,"featured_media":181693,"comment_status":"open","ping_status":"open","sticky":false,"template":"","format":"standard","meta":{"_monsterinsights_skip_tracking":false,"_monsterinsights_sitenote_active":false,"_monsterinsights_sitenote_note":"","_monsterinsights_sitenote_category":0,"footnotes":""},"categories":[158],"tags":[2801,31026],"class_list":["post-181690","post","type-post","status-publish","format-standard","has-post-thumbnail","hentry","category-politica","tag-claudia-sheinbaum","tag-eleccion-judicial","wp-image-borders"],"amp_enabled":true,"_links":{"self":[{"href":"https:\/\/nvnoticias.mx\/index.php\/wp-json\/wp\/v2\/posts\/181690","targetHints":{"allow":["GET"]}}],"collection":[{"href":"https:\/\/nvnoticias.mx\/index.php\/wp-json\/wp\/v2\/posts"}],"about":[{"href":"https:\/\/nvnoticias.mx\/index.php\/wp-json\/wp\/v2\/types\/post"}],"author":[{"embeddable":true,"href":"https:\/\/nvnoticias.mx\/index.php\/wp-json\/wp\/v2\/users\/35"}],"replies":[{"embeddable":true,"href":"https:\/\/nvnoticias.mx\/index.php\/wp-json\/wp\/v2\/comments?post=181690"}],"version-history":[{"count":3,"href":"https:\/\/nvnoticias.mx\/index.php\/wp-json\/wp\/v2\/posts\/181690\/revisions"}],"predecessor-version":[{"id":181694,"href":"https:\/\/nvnoticias.mx\/index.php\/wp-json\/wp\/v2\/posts\/181690\/revisions\/181694"}],"wp:featuredmedia":[{"embeddable":true,"href":"https:\/\/nvnoticias.mx\/index.php\/wp-json\/wp\/v2\/media\/181693"}],"wp:attachment":[{"href":"https:\/\/nvnoticias.mx\/index.php\/wp-json\/wp\/v2\/media?parent=181690"}],"wp:term":[{"taxonomy":"category","embeddable":true,"href":"https:\/\/nvnoticias.mx\/index.php\/wp-json\/wp\/v2\/categories?post=181690"},{"taxonomy":"post_tag","embeddable":true,"href":"https:\/\/nvnoticias.mx\/index.php\/wp-json\/wp\/v2\/tags?post=181690"}],"curies":[{"name":"wp","href":"https:\/\/api.w.org\/{rel}","templated":true}]}}