{"id":181611,"date":"2025-05-06T09:18:31","date_gmt":"2025-05-06T15:18:31","guid":{"rendered":"https:\/\/nvnoticias.mx\/?p=181611"},"modified":"2025-05-06T09:18:33","modified_gmt":"2025-05-06T15:18:33","slug":"el-primero-de-cuitlahuac","status":"publish","type":"post","link":"https:\/\/nvnoticias.mx\/index.php\/2025\/05\/06\/el-primero-de-cuitlahuac\/","title":{"rendered":"El primero de Cuitl\u00e1huac"},"content":{"rendered":"\n<p><\/p>\n\n\n\n<figure class=\"wp-block-pullquote\"><blockquote><p><strong>Ricardo Chua<\/strong><\/p><\/blockquote><\/figure>\n\n\n\n<p>Hace unas semanas un alto funcionario del gobierno de Roc\u00edo Nahle coment\u00f3: &#8220;Pon atenci\u00f3n porque la gobernadora va a -apretar las tuercas- al gobierno de Cuitl\u00e1huac (Garc\u00eda Jim\u00e9nez), le dejaron hecho un -desmadre- la administraci\u00f3n, no hay ese dinero que dec\u00edan estaba en SEFIPLAN, sufrimos de todo, hasta de los vi\u00e1ticos y hay funcionarios del -Cuit-, que andan a toda -madre- viajando en el extranjero y d\u00e1ndose la gran vida. Ella (Roc\u00edo Nahle) ya los tiene detectado, saben lo que se llevaron y como lo andan -festejando- sobre todo en Salud (Secretar\u00eda de Salud), ah\u00ed todo fue un -cochinero- de lo peor&#8221;..<\/p>\n\n\n\n<p>Sostuvo: &#8220;Va a denunciar antes porque la Auditor\u00eda Superior de la Federaci\u00f3n le dio la informaci\u00f3n pertinente. Recuerda que hay diputados federales que le traen -hambre- a Cuitl\u00e1huac por todo lo que les hizo Eric Cisneros. Y a lo mejor con ellos no pueden porque los protegen de Palacio Nacional, pero si van por los que les hicieron el movimiento. Esp\u00e9rate durante y despu\u00e9s de la elecci\u00f3n y ver\u00e1n como les van a ir -dej\u00e1ndoselas caer-. La se\u00f1ora no perdona a nadie y m\u00e1s cuando la afectada es ella. Trae en la mira a 3 personajes, pero con dos de ellos a los que m\u00e1s tiene entre -ceja y ceja-, fueron muchas las quejas en campa\u00f1a en su contra, uno de ellos es Jorge Sisniega, el ex director Administrativo de SESVER&#8221;..<\/p>\n\n\n\n<p>Bien dicen que &#8220;en esta vida no hay plazo que no cumpla&#8221;.. Ayer la misma gobernadora Roc\u00edo Nahle anunci\u00f3 que por las observaciones de la ASF, el gobierno de Cuitl\u00e1huac Garc\u00eda, no solvent\u00f3 200 millones de pesos en la cuenta p\u00fablica del 2023.. Y que van a llamar a qui\u00e9n tengan que llamar para que solvente este pendiente.. En pocas palabras van a ir por uno de los ex funcionarios consentidos de Cuitl\u00e1huac Garc\u00eda que era Jorge Sisniega.. \u00c9l siempre manej\u00f3 los recursos en esa dependencia.. Bien lo dec\u00eda el funcionario de Nahle, &#8220;ojo en la campa\u00f1a y despu\u00e9s de la campa\u00f1a&#8221; y su advertencia fue real..<\/p>\n\n\n\n<p>Ahora todo queda en manos de Ram\u00f3n Santos Navarro, el Contralor General del Estado, para saber de la denuncia que hizo por este tema.. El asunto es que parecer\u00eda que en el gobierno de Veracruz tienen todo preparado para que este tema quede como da\u00f1o patrimonial y de esa manera actuar en consecuencia.. Por eso, dicen que ahora en Palacio de Gobierno tienen cerca a Roberto Ramos Alor, el reci\u00e9n nombrado delegado del IMSS Bienestar en la entidad, y que fue hasta el 2021 el secretario de Salud de Cuitl\u00e1huac Garc\u00eda.. En pol\u00edtica, las coincidencias no existen.. Y esto de Ramos Alor no ser\u00eda traici\u00f3n.. Ser\u00eda sobrevivir.. AMEN Y EL QUE ENTENDI\u00d3, LO ENTENDI\u00d3..<\/p>\n\n\n\n<p>ROSA MAR\u00cdA A LA ALZA EN VERACRUZ PUERTO.. Todo parece indicar que falta menos de 25 d\u00edas para que Rosa Mar\u00eda Hern\u00e1ndez Espejo, abogada y periodista, hoy candidata de MORENA-PVEM a la alcald\u00eda de Veracruz puerto, se convierta en la PRIMERA presidenta municipal de izquierda en esta ciudad, hoy gobernada por el PAN.. Las tendencias de las encuestas aplicadas en el principal puerto de este pa\u00eds, as\u00ed lo se\u00f1alan.. Hern\u00e1ndez Espejo aventaja en casi 30 puntos porcentuales a su competidora m\u00e1s cercana, la candidata panista, Indira Rosales San Rom\u00e1n.. La cual parece poco probable que le puedan dar alcancen en lo que resta de la campa\u00f1a..<\/p>\n\n\n\n<p>Estas encuestas fueron realizadas por la empresa &#8220;Mendoza Blanco &amp; Asociados&#8221; (MEBA), que en su momento hizo encuestas en otros gobiernos de Veracruz.. Y los cuales han resultado muy acertados en sus mediciones.. Este sondeo da como resultado que Hern\u00e1ndez Espejo tiene, al menos, un 46 por ciento de intenci\u00f3n de voto.. Atr\u00e1s est\u00e1 Indira Rosales con el 19 por ciento.. Mientras que Carolina Gudi\u00f1o, del PRI, vendr\u00eda en tercer lugar con un 9.1 por ciento.. M\u00e1s atr\u00e1s estar\u00eda la candidata de Movimiento Ciudadano, Bel\u00e9n Palmeros Exsome con un 8 por ciento.. Por \u00faltimo estar\u00eda el candidato del PT, Mario Wong, con el 3.9 por ciento.. As\u00ed de sencillo..<\/p>\n\n\n\n<p>Una situaci\u00f3n que se ve normal por las tendencias de MORENA en el puerto de Veracruz en las \u00faltimas elecciones.. Sobre todo que Rosa Mar\u00eda Hern\u00e1ndez Espejo, lleva dos elecciones al &#8220;hilo&#8221; ganadas en 2021 y 2024 a diputada federal.. Adem\u00e1s que ella desde el 2018 trabaja en el tema social en esta ciudad, ya que fue alta funcionaria de la Secretar\u00eda de Bienestar.. Todo eso logrado por Hern\u00e1ndez Espejo aunado a lo que le da la &#8220;marca&#8221; MORENA, es que la tendencia deja que ese partido, tiene junto con la coalici\u00f3n con PVEM un 53.4 por ciento de las preferencias electorales.. En Veracruz puerto, no se ve como Rosa Mar\u00eda pierda la elecci\u00f3n ante el PAN.. AMEN..<\/p>\n\n\n\n<p>C\u00d3RDOBA, MORENA NO VE LA SUYA.. A diferencia del puerto de Veracruz, Coatzacoalcos, Minatitl\u00e1n y una decena de municipios m\u00e1s.. C\u00f3rdoba est\u00e1 teniendo conflictos parecidos a los que tiene Perote en su elecci\u00f3n por MORENA.. No hay operadores expertos que puedan ayudar a sus candidatos a alcaldes.. Ah\u00ed en la &#8220;Ciudad de Los 30 Caballeros&#8221;, si se ha demostrado el rechazo que tienen en contra del candidato a la alcald\u00eda por este partido, Manuel Alonso Cerezo.. Ya que \u00e9l no era el candidato esperado por las bases de este partido.. El candidato que esperaban era Van\u00eda L\u00f3pez, que ahora es candidata a regidor primero por PVEM..<\/p>\n\n\n\n<p>Van\u00eda L\u00f3pez la bajaron a la fuerza.. Pero dicen que el &#8220;Karma&#8221; en la pol\u00edtica es canija.. Y ahora es el momento, que Alonso Cerezo no ve la suya en la ciudad que quiere gobernar.. Podr\u00e1n manejar en redes sociales y promocionar encuestas que ponen como &#8220;favorito&#8221; al morenista.. Pero la realidad es otra.. \u00c9l no ha conquistado este &#8220;territorio&#8221;, el mismo ya estaba en poder de la s\u00edndica con licencia en C\u00f3rdoba.. Pero como ella no fue la elegida.. Muchos de los simpatizantes de la 4T pusieron su mirada en otros partidos como Movimiento Ciudadano y el PAN.. Por eso, estos partidos s\u00ed han crecido en sus tendencias en C\u00f3rdoba..<\/p>\n\n\n\n<p>De esa manera, Alonso Cerezo s\u00f3lo le est\u00e1 apostando a que los adultos mayores salgan a votar el d\u00eda de las elecciones.. Ya que esperan los Morenos que est\u00e1n trabajando con el candidato en C\u00f3rdoba, que la &#8220;marca&#8221; los saque adelante porque el personaje, no est\u00e1 levantando con la ciudadan\u00eda.. Le dicen que si, dicen que van a votar por \u00e9l, pero la realidad es otra.. En la soledad de la urna, le podr\u00e1n dar el &#8220;voto de castigo&#8221; a MORENA porque tampoco el gobierno municipal de Juan Mart\u00ednez, no ayud\u00f3 mucho.. Y eso aunado a que le quitaron a la candidatura a Van\u00eda L\u00f3pez.. AL BUEN ENTENDEDOR.. S\u00f3lo habr\u00e1 que ver si.. C\u00d3RDOBA SER\u00c1 AZUL O NARANJA.. AMEN..<\/p>\n","protected":false},"excerpt":{"rendered":"<p>Ricardo Chua Hace unas semanas un alto funcionario del gobierno de Roc\u00edo Nahle coment\u00f3: &#8220;Pon atenci\u00f3n porque la gobernadora va a -apretar las tuercas- al gobierno de Cuitl\u00e1huac (Garc\u00eda Jim\u00e9nez), le dejaron hecho un -desmadre- la administraci\u00f3n, no hay ese dinero que dec\u00edan estaba en SEFIPLAN, sufrimos de todo, hasta de los vi\u00e1ticos y hay [&hellip;]<\/p>\n","protected":false},"author":29,"featured_media":181612,"comment_status":"open","ping_status":"open","sticky":false,"template":"","format":"standard","meta":{"_monsterinsights_skip_tracking":false,"_monsterinsights_sitenote_active":false,"_monsterinsights_sitenote_note":"","_monsterinsights_sitenote_category":0,"footnotes":""},"categories":[245],"tags":[327],"class_list":["post-181611","post","type-post","status-publish","format-standard","has-post-thumbnail","hentry","category-dialogos-de-poder","tag-ricardo-chua","wp-image-borders"],"amp_enabled":true,"_links":{"self":[{"href":"https:\/\/nvnoticias.mx\/index.php\/wp-json\/wp\/v2\/posts\/181611","targetHints":{"allow":["GET"]}}],"collection":[{"href":"https:\/\/nvnoticias.mx\/index.php\/wp-json\/wp\/v2\/posts"}],"about":[{"href":"https:\/\/nvnoticias.mx\/index.php\/wp-json\/wp\/v2\/types\/post"}],"author":[{"embeddable":true,"href":"https:\/\/nvnoticias.mx\/index.php\/wp-json\/wp\/v2\/users\/29"}],"replies":[{"embeddable":true,"href":"https:\/\/nvnoticias.mx\/index.php\/wp-json\/wp\/v2\/comments?post=181611"}],"version-history":[{"count":1,"href":"https:\/\/nvnoticias.mx\/index.php\/wp-json\/wp\/v2\/posts\/181611\/revisions"}],"predecessor-version":[{"id":181613,"href":"https:\/\/nvnoticias.mx\/index.php\/wp-json\/wp\/v2\/posts\/181611\/revisions\/181613"}],"wp:featuredmedia":[{"embeddable":true,"href":"https:\/\/nvnoticias.mx\/index.php\/wp-json\/wp\/v2\/media\/181612"}],"wp:attachment":[{"href":"https:\/\/nvnoticias.mx\/index.php\/wp-json\/wp\/v2\/media?parent=181611"}],"wp:term":[{"taxonomy":"category","embeddable":true,"href":"https:\/\/nvnoticias.mx\/index.php\/wp-json\/wp\/v2\/categories?post=181611"},{"taxonomy":"post_tag","embeddable":true,"href":"https:\/\/nvnoticias.mx\/index.php\/wp-json\/wp\/v2\/tags?post=181611"}],"curies":[{"name":"wp","href":"https:\/\/api.w.org\/{rel}","templated":true}]}}