{"id":181229,"date":"2025-04-30T13:25:24","date_gmt":"2025-04-30T19:25:24","guid":{"rendered":"https:\/\/nvnoticias.mx\/?p=181229"},"modified":"2025-04-30T13:25:25","modified_gmt":"2025-04-30T19:25:25","slug":"declaran-improcedente-queja-de-fgr-ante-freno-para-captura-de-aureoles","status":"publish","type":"post","link":"https:\/\/nvnoticias.mx\/index.php\/2025\/04\/30\/declaran-improcedente-queja-de-fgr-ante-freno-para-captura-de-aureoles\/","title":{"rendered":"Declaran improcedente queja de FGR ante freno para captura de Aureoles"},"content":{"rendered":"\n<h1 class=\"wp-block-heading\"><\/h1>\n\n\n\n<p><a href=\"https:\/\/twitter.com\/intent\/tweet?text=Declaran%20improcedente%20queja%20de%20FGR%20ante%20freno%20para%20captura%20de%20Aureoles&amp;url=https:\/\/www.jornada.com.mx\/noticia\/2025\/04\/30\/politica\/declaran-improcedente-queja-de-fgr-ante-freno-para-captura-de-aureoles\"><\/a><\/p>\n\n\n\n<ul class=\"wp-block-list\">\n<li><a href=\"mailto:?subject=Declaran%20improcedente%20queja%20de%20FGR%20ante%20freno%20para%20captura%20de%20Aureoles&amp;body=https:\/\/www.jornada.com.mx\/noticia\/2025\/04\/30\/politica\/declaran-improcedente-queja-de-fgr-ante-freno-para-captura-de-aureoles\"><\/a><\/li>\n<\/ul>\n\n\n\n<p>El Segundo Tribunal Colegiado en Materia Penal en Ciudad de M\u00e9xico declar\u00f3 improcedente e infundada la queja que present\u00f3 la Fiscal\u00eda General de la Rep\u00fablica (FGR), contra la suspensi\u00f3n provisional que un juez le concedi\u00f3 al ex gobernador de Michoac\u00e1n Silvano Aureoles Conejo, la cual frena de momento la orden de captura en su contra por los delitos de peculado, ejercicio indebido del servicio p\u00fablico, asociaci\u00f3n delictuosa y lavado de dinero.\u00a0<br><br>En sesi\u00f3n extraordinaria v\u00eda remota, los magistrados del colegiado ratificaron el fallo del Juzgado Decimoprimero de Distrito en Materia Penal otorgada al ex mandatario, acusado de desviar 3 mil 412 millones de pesos destinados a la construcci\u00f3n de siete cuarteles de polic\u00eda en Apatzing\u00e1n, Coalcom\u00e1n, Huetamo, Jiquilpan, L\u00e1zaro C\u00e1rdenas, Uruapan y Zit\u00e1cuaro, en esa entidad.<br><br>\u201cEs improcedente el recurso de queja interpuesta por el agente del Ministerio P\u00fablico adscrito al Juzgado Decimotercero de Distrito en Materia Penal de la Ciudad de M\u00e9xico. Se declara infundado el recurso de queja interpuesto por el director de amparo en suplencia, por ausencia del titular de la Polic\u00eda Federal Ministerial, as\u00ed como por el Agente P\u00fablico de la Federaci\u00f3n adscrito a la Fiscal\u00eda Especializada en Materia de Combate a la Corrupci\u00f3n de la FGR\u201d.\u00a0<br><br>En su proyecto, Winyber Jim\u00e9nez Navarrete, secretario en funciones de Magistrado, se\u00f1al\u00f3 que respecto a la procedencia y justificaci\u00f3n de la medida cautelar se consideran inoperantes, puesto que el juzgador federal apoyo su decisi\u00f3n en una jurisprudencia del Pleno Regional en Materias Penal y de Trabajo de la Regi\u00f3n Centro-Norte, con residencia en la Ciudad de M\u00e9xico.<br><br>Dicho criterio determina que cuando el quejoso promueva juicio de amparo indirecto y solicite la suspensi\u00f3n respecto de una orden de aprehensi\u00f3n por un delito que no amerite prisi\u00f3n preventiva oficiosa, al ser concedida esta, el Juez de Distrito debe precisar que el alcance de los efectos de dicha medida es para que no sea detenida en el caso de que durante su vigencia se le imponga como medida cautelar, en el proceso penal del que derive el acto reclamado, la prisi\u00f3n preventiva justificada.\u00a0<br><br>\u201cEl proyecto sometido a su consideraci\u00f3n se se\u00f1ala que el Agente del Ministerio P\u00fablico de la Federaci\u00f3n adscrito al juzgado de origen, carece de legitimaci\u00f3n para interponer el recurso\u201d, indic\u00f3 Jim\u00e9nez Navarrete.<\/p>\n\n\n\n<p>Asimismo, el colegiado apunt\u00f3 que el ex gobernador de Michoac\u00e1n tiene que comparecer ante el juez que lo requiere, en un plazo de tres d\u00edas h\u00e1biles; lo que ser\u00e1 exigible una vez que Aureoles Conejo conozca a la autoridad que emiti\u00f3 el acto reclamado.<br><br>En este caso, cuando Jos\u00e9 Alberto Rodr\u00edguez Rivera, en funciones de juez en el juzgado decimoprimero de distrito en materia penal, inform\u00f3 que el ex gobernador ya pag\u00f3 la garant\u00eda de 52 mil pesos que le impuso como garant\u00eda, advirti\u00f3 que si no se presenta a la audiencia inicial en ese plazo, la suspensi\u00f3n ser\u00e1 revocada.\u00a0<br><\/p>\n\n\n\n<p>Fuente: La Jornada<\/p>\n","protected":false},"excerpt":{"rendered":"<p>El Segundo Tribunal Colegiado en Materia Penal en Ciudad de M\u00e9xico declar\u00f3 improcedente e infundada la queja que present\u00f3 la Fiscal\u00eda General de la Rep\u00fablica (FGR), contra la suspensi\u00f3n provisional que un juez le concedi\u00f3 al ex gobernador de Michoac\u00e1n Silvano Aureoles Conejo, la cual frena de momento la orden de captura en su contra [&hellip;]<\/p>\n","protected":false},"author":35,"featured_media":181232,"comment_status":"open","ping_status":"open","sticky":false,"template":"","format":"standard","meta":{"_monsterinsights_skip_tracking":false,"_monsterinsights_sitenote_active":false,"_monsterinsights_sitenote_note":"","_monsterinsights_sitenote_category":0,"footnotes":""},"categories":[158],"tags":[226,3067],"class_list":["post-181229","post","type-post","status-publish","format-standard","has-post-thumbnail","hentry","category-politica","tag-fgr","tag-silvano-aureoles","wp-image-borders"],"amp_enabled":true,"_links":{"self":[{"href":"https:\/\/nvnoticias.mx\/index.php\/wp-json\/wp\/v2\/posts\/181229","targetHints":{"allow":["GET"]}}],"collection":[{"href":"https:\/\/nvnoticias.mx\/index.php\/wp-json\/wp\/v2\/posts"}],"about":[{"href":"https:\/\/nvnoticias.mx\/index.php\/wp-json\/wp\/v2\/types\/post"}],"author":[{"embeddable":true,"href":"https:\/\/nvnoticias.mx\/index.php\/wp-json\/wp\/v2\/users\/35"}],"replies":[{"embeddable":true,"href":"https:\/\/nvnoticias.mx\/index.php\/wp-json\/wp\/v2\/comments?post=181229"}],"version-history":[{"count":3,"href":"https:\/\/nvnoticias.mx\/index.php\/wp-json\/wp\/v2\/posts\/181229\/revisions"}],"predecessor-version":[{"id":181233,"href":"https:\/\/nvnoticias.mx\/index.php\/wp-json\/wp\/v2\/posts\/181229\/revisions\/181233"}],"wp:featuredmedia":[{"embeddable":true,"href":"https:\/\/nvnoticias.mx\/index.php\/wp-json\/wp\/v2\/media\/181232"}],"wp:attachment":[{"href":"https:\/\/nvnoticias.mx\/index.php\/wp-json\/wp\/v2\/media?parent=181229"}],"wp:term":[{"taxonomy":"category","embeddable":true,"href":"https:\/\/nvnoticias.mx\/index.php\/wp-json\/wp\/v2\/categories?post=181229"},{"taxonomy":"post_tag","embeddable":true,"href":"https:\/\/nvnoticias.mx\/index.php\/wp-json\/wp\/v2\/tags?post=181229"}],"curies":[{"name":"wp","href":"https:\/\/api.w.org\/{rel}","templated":true}]}}