{"id":18118,"date":"2021-07-08T13:15:55","date_gmt":"2021-07-08T18:15:55","guid":{"rendered":"https:\/\/nvnoticias.mx\/?p=18118"},"modified":"2021-07-08T13:16:59","modified_gmt":"2021-07-08T18:16:59","slug":"el-pan","status":"publish","type":"post","link":"https:\/\/nvnoticias.mx\/index.php\/2021\/07\/08\/el-pan\/","title":{"rendered":"El PAN"},"content":{"rendered":"\n<blockquote class=\"wp-block-quote is-layout-flow wp-block-quote-is-layout-flow\"><p><em>Porque hoy vemos competencias por las candidaturas que son ferias de cobre o querellas de ineptos.<\/em><\/p><cite><strong>Carlos Castillo Peraza<\/strong><\/cite><\/blockquote>\n\n\n\n<p class=\"has-text-align-right\">\u00a0\u00a0\u00a0\u00a0\u00a0\u00a0\u00a0\u00a0\u00a0\u00a0 <strong>Juan Jos\u00e9 Rodr\u00edguez Prats<\/strong><\/p>\n\n\n\n<p>No lo digo desde una trinchera partidista, hablan los hechos. En el PAN recae una enorme responsabilidad para evitar la debacle de M\u00e9xico.<\/p>\n\n\n\n<p>El partido etiquetado desde hace varias d\u00e9cadas por Vicente Lombardo Toledano como de derecha, por muchas razones, y no precisamente atribuibles a su buen desempe\u00f1o, est\u00e1 a la vanguardia de la vida pol\u00edtica nacional, constituyendo la principal fuerza pol\u00edtica para oponerse a esa entelequia, esa eficaz demoledora de nuestro Estado de derecho que es la supuesta Cuarta Transformaci\u00f3n.<\/p>\n\n\n\n<p>Acci\u00f3n Nacional no tan s\u00f3lo fue la opci\u00f3n m\u00e1s votada despu\u00e9s del partido en el poder, sino la que, por su tradici\u00f3n democr\u00e1tica y su doctrina pol\u00edtica, es hoy el dique de contenci\u00f3n a los abusos en el ejercicio del poder.<\/p>\n\n\n\n<p>El PAN se sustenta en los mismos principios que hoy defienden los partidos m\u00e1s exitosos en las democracias liberales, los de la Ilustraci\u00f3n, concebidos en la segunda mitad del siglo XVIII y que fue definido por Kant como el periodo en que la humanidad alcanz\u00f3 la mayor\u00eda de edad.<\/p>\n\n\n\n<p>Ubiqu\u00e9monos en nuestra realidad. La cuesti\u00f3n que a muchos nos inquieta es si AMLO, con todos sus desvar\u00edos y con un equipo mayoritariamente inepto, se saldr\u00e1 con la suya de constituir una corriente pol\u00edtica que se institucionalice y perdure m\u00e1s all\u00e1 de su sexenio.<\/p>\n\n\n\n<p>Me atrevo a vaticinar que no lo lograr\u00e1. Larga disquisici\u00f3n requerir\u00eda sostener mi dicho. Sin embargo, hagamos un ejercicio de prospectiva. Supongamos que Morena gana la elecci\u00f3n a la Presidencia de la Rep\u00fablica en 2024 y lo hace con la candidatura que m\u00e1s garantiza la continuidad del poder de L\u00f3pez Obrador, Claudia Sheinbaum. Al siguiente d\u00eda de la elecci\u00f3n, empezar\u00edamos a escuchar la oraci\u00f3n f\u00fanebre de ese partido que no subsistir\u00eda sin su jefe, menguado en su poder y sin una m\u00ednima dosis ideol\u00f3gica que d\u00e9 coherencia a sus corrientes internas. Propongo, desde ahora, su epitafio: \u201cAqu\u00ed yace una mentira\u201d, porque el movimiento no fue, no ha sido ni ser\u00e1 de regeneraci\u00f3n, sino de destrucci\u00f3n nacional.<\/p>\n\n\n\n<p>Pero retornemos al inicio. El liderazgo que debe asumir el PAN tiene una enorme dificultad en su m\u00e9todo para elegir dirigente. El Consejo debe tornar a ser el \u00f3rgano id\u00f3neo, a pesar de su manipulaci\u00f3n actual, para tomar esas decisiones. Lo dije en marzo de 2013. Con su af\u00e1n protag\u00f3nico y de manera irresponsable, Javier Corral propuso en una asamblea que se abriera el derecho a votar a toda la militancia. Gustavo Madero, pensando m\u00e1s en sus ambiciones personales que en la vida institucional del partido, dej\u00f3 pasar la propuesta. El 99% de los militantes fuimos despojados de nuestro derecho a aspirar a dirigir nuestro partido. Recolectar m\u00e1s de 40 mil firmas para obtener el registro para contender implica un costo accesible para muy pocos. Las experiencias han sido nefastas. Se deton\u00f3 lo que en el argot panista se conoce como \u201conda grupera\u201d.<\/p>\n\n\n\n<p>Un problema de todas las democracias es la frivolidad y ligereza con que los ciudadanos se postulan a cargos de responsabilidades delicadas. No hay la m\u00e1s elemental reflexi\u00f3n \u00e9tica. Les suplico a quienes se han anotado para presidir al PAN, por un m\u00ednimo de responsabilidad con el partido, que se comparen con quienes han desempe\u00f1ado el cargo, sobre todo los de las primeras d\u00e9cadas. \u00bfConocen su doctrina y su historia? \u00bfTienen los atributos para propiciar el necesario ejercicio de reencuentro de los panistas? \u00bfAman a M\u00e9xico y al partido o es s\u00f3lo un proyecto individual?<\/p>\n\n\n\n<p>Hoy es m\u00e1s vigente que nunca la concepci\u00f3n de la pol\u00edtica de Manuel G\u00f3mez Morin: organizar la vida de la comunidad para disminuir el sufrimiento que nos hacemos unos a otros. Podemos decir que el pueblo de M\u00e9xico es m\u00e1s sufrido hoy que a inicios de este gobierno y que muchas causas son imputables a malas decisiones del poder. Enorme deber ser panista.<\/p>\n","protected":false},"excerpt":{"rendered":"<p>Porque hoy vemos competencias por las candidaturas que son ferias de cobre o querellas de ineptos. Carlos Castillo Peraza \u00a0\u00a0\u00a0\u00a0\u00a0\u00a0\u00a0\u00a0\u00a0\u00a0 Juan Jos\u00e9 Rodr\u00edguez Prats No lo digo desde una trinchera partidista, hablan los hechos. En el PAN recae una enorme responsabilidad para evitar la debacle de M\u00e9xico. El partido etiquetado desde hace varias d\u00e9cadas por [&hellip;]<\/p>\n","protected":false},"author":17,"featured_media":9779,"comment_status":"open","ping_status":"open","sticky":false,"template":"","format":"standard","meta":{"_monsterinsights_skip_tracking":false,"_monsterinsights_sitenote_active":false,"_monsterinsights_sitenote_note":"","_monsterinsights_sitenote_category":0,"footnotes":""},"categories":[614],"tags":[397],"class_list":["post-18118","post","type-post","status-publish","format-standard","has-post-thumbnail","hentry","category-politica-de-principios","tag-juan-jose-rodriguez-prats-2","wp-image-borders"],"amp_enabled":true,"_links":{"self":[{"href":"https:\/\/nvnoticias.mx\/index.php\/wp-json\/wp\/v2\/posts\/18118","targetHints":{"allow":["GET"]}}],"collection":[{"href":"https:\/\/nvnoticias.mx\/index.php\/wp-json\/wp\/v2\/posts"}],"about":[{"href":"https:\/\/nvnoticias.mx\/index.php\/wp-json\/wp\/v2\/types\/post"}],"author":[{"embeddable":true,"href":"https:\/\/nvnoticias.mx\/index.php\/wp-json\/wp\/v2\/users\/17"}],"replies":[{"embeddable":true,"href":"https:\/\/nvnoticias.mx\/index.php\/wp-json\/wp\/v2\/comments?post=18118"}],"version-history":[{"count":2,"href":"https:\/\/nvnoticias.mx\/index.php\/wp-json\/wp\/v2\/posts\/18118\/revisions"}],"predecessor-version":[{"id":18120,"href":"https:\/\/nvnoticias.mx\/index.php\/wp-json\/wp\/v2\/posts\/18118\/revisions\/18120"}],"wp:featuredmedia":[{"embeddable":true,"href":"https:\/\/nvnoticias.mx\/index.php\/wp-json\/wp\/v2\/media\/9779"}],"wp:attachment":[{"href":"https:\/\/nvnoticias.mx\/index.php\/wp-json\/wp\/v2\/media?parent=18118"}],"wp:term":[{"taxonomy":"category","embeddable":true,"href":"https:\/\/nvnoticias.mx\/index.php\/wp-json\/wp\/v2\/categories?post=18118"},{"taxonomy":"post_tag","embeddable":true,"href":"https:\/\/nvnoticias.mx\/index.php\/wp-json\/wp\/v2\/tags?post=18118"}],"curies":[{"name":"wp","href":"https:\/\/api.w.org\/{rel}","templated":true}]}}