{"id":181070,"date":"2025-04-29T13:45:14","date_gmt":"2025-04-29T19:45:14","guid":{"rendered":"https:\/\/nvnoticias.mx\/?p=181070"},"modified":"2025-04-29T13:45:16","modified_gmt":"2025-04-29T19:45:16","slug":"ni-una-sola-prueba-de-que-rancho-izaguirre-fuera-lugar-de-cremacion-gertz","status":"publish","type":"post","link":"https:\/\/nvnoticias.mx\/index.php\/2025\/04\/29\/ni-una-sola-prueba-de-que-rancho-izaguirre-fuera-lugar-de-cremacion-gertz\/","title":{"rendered":"&#8220;Ni una sola prueba&#8221; de que Rancho Izaguirre fuera &#8220;lugar de cremaci\u00f3n&#8221;: Gertz\u00a0"},"content":{"rendered":"\n<p>El rancho Izaguirre en Jalisco fue utilizado como centro de reclutamiento y adiestramiento que era utilizado por el C\u00e1rtel Jalisco Nueva Generaci\u00f3n (CJNG), &#8220;no hay una sola prueba que acredite que se utilizara como un lugar de cremaci\u00f3n&#8221;, se\u00f1al\u00f3 Alejandro Gertz Manero, titular de la Fiscal\u00eda General de la Rep\u00fablica (FGR).&nbsp;<\/p>\n\n\n\n<p>En conferencia de prensa, el funcionario asever\u00f3 que de acuerdo con estudios periciales realizados por investigadores de la Universidad Nacional Aut\u00f3noma de M\u00e9xico (UNAM), en el rancho se hac\u00edan fogatas y en las zanjas y hoyos detectados en la propiedad que se localiza en el municipio de Teuchitl\u00e1n, se registraron temperaturas de 200 grados cent\u00edgrados y ello no corresponde con la temperatura de se requiere para llevar a cabo una cremaci\u00f3n, que son 800 grados.<\/p>\n\n\n\n<p>Asimismo, dijo que se investigar\u00e1 y que ya se individualiz\u00f3 cada prenda que no se procesaron por autoridades locales, se realizar\u00e1n peritajes en los cuales la FGR pedir\u00e1 la participaci\u00f3n con los familiares de las v\u00edctimas.<\/p>\n\n\n\n<p>Revel\u00f3 tambi\u00e9n que hay 13 procesos judiciales en marcha en contra del mismo n\u00famero de personas, entre ellas integrantes de la polic\u00eda municipal de Tala, Jalisco.<\/p>\n\n\n\n<p>Gertz Manero puntualiz\u00f3 que las autoridades de Jalisco conoc\u00edan desde 2021 que el Rancho Izaguirre era utilizado por el CJNG para reclutamiento y entrenamiento de sus integrantes, ya que as\u00ed lo inform\u00f3 en ese a\u00f1o la Comisi\u00f3n estatal de Derechos Humanos (CEDH) de Jalisco, y las instituciones locales no hicieron nada.<\/p>\n\n\n\n<p>Como parte de las investigaciones se indaga a todos los integrantes de las polic\u00edas municipales de Teuchitl\u00e1n y Tala, as\u00ed como tambi\u00e9n la existencia de responsabilidades por parte de otras autoridades por estar vinculados a las operaciones del CJNG.<\/p>\n\n\n\n<p>La FGR &nbsp;tambi\u00e9n realiza peritajes respecto de los fragmentos, peque\u00f1os, de restos presuntamente humanos, que fueron encontrados en una vasija en el interior del Rancho Izaguirre. &nbsp;<\/p>\n\n\n\n<p>El fiscal dijo que los peritajes realizados por los especialistas federales en los terrenos determinaron que en el lugar &#8220;no se encontraron osamentas completas o parciales&#8221;, por lo que se descarta que haya sido un centro de exterminio.<\/p>\n\n\n\n<p>De la misma manera &nbsp;indic\u00f3 que van a seguir las investigaciones e invit\u00f3 a las personas que buscan a un familiar a que colaboren con datos gen\u00e9ticos para poder comparar los registros que se obtengan de las prendas encontradas dentro del Rancho Izaguirre y que la Fiscal\u00eda de Jalisco no proces\u00f3 desde septiembre de 2024, y que ahora est\u00e1n bajo responsabilidad del Ministerio P\u00fablico Federal. &nbsp;<\/p>\n\n\n\n<p>Tambi\u00e9n expuso que la FGR contin\u00faa con las investigaciones del Rancho De la Vega, que tambi\u00e9n se localiza en Teuchitl\u00e1n, a siete kil\u00f3metros del Rancho Izaguirre, como otro centro de entrenamiento y reclutamiento del CJNG.<\/p>\n\n\n\n<p>Fuente: La <a href=\"https:\/\/www.jornada.com.mx\/noticia\/2025\/04\/29\/politica\/ni-una-sola-prueba-de-que-rancho-izaguirre-fuera-lugar-de-cremacion-gertz\">Jornada<\/a><\/p>\n","protected":false},"excerpt":{"rendered":"<p>El rancho Izaguirre en Jalisco fue utilizado como centro de reclutamiento y adiestramiento que era utilizado por el C\u00e1rtel Jalisco Nueva Generaci\u00f3n (CJNG), &#8220;no hay una sola prueba que acredite que se utilizara como un lugar de cremaci\u00f3n&#8221;, se\u00f1al\u00f3 Alejandro Gertz Manero, titular de la Fiscal\u00eda General de la Rep\u00fablica (FGR).&nbsp; En conferencia de prensa, [&hellip;]<\/p>\n","protected":false},"author":35,"featured_media":181078,"comment_status":"open","ping_status":"open","sticky":false,"template":"","format":"standard","meta":{"_monsterinsights_skip_tracking":false,"_monsterinsights_sitenote_active":false,"_monsterinsights_sitenote_note":"","_monsterinsights_sitenote_category":0,"footnotes":""},"categories":[158],"tags":[5853,31731],"class_list":["post-181070","post","type-post","status-publish","format-standard","has-post-thumbnail","hentry","category-politica","tag-alejandro-gertz-manero","tag-caso-izaguirre","wp-image-borders"],"amp_enabled":true,"_links":{"self":[{"href":"https:\/\/nvnoticias.mx\/index.php\/wp-json\/wp\/v2\/posts\/181070","targetHints":{"allow":["GET"]}}],"collection":[{"href":"https:\/\/nvnoticias.mx\/index.php\/wp-json\/wp\/v2\/posts"}],"about":[{"href":"https:\/\/nvnoticias.mx\/index.php\/wp-json\/wp\/v2\/types\/post"}],"author":[{"embeddable":true,"href":"https:\/\/nvnoticias.mx\/index.php\/wp-json\/wp\/v2\/users\/35"}],"replies":[{"embeddable":true,"href":"https:\/\/nvnoticias.mx\/index.php\/wp-json\/wp\/v2\/comments?post=181070"}],"version-history":[{"count":5,"href":"https:\/\/nvnoticias.mx\/index.php\/wp-json\/wp\/v2\/posts\/181070\/revisions"}],"predecessor-version":[{"id":181079,"href":"https:\/\/nvnoticias.mx\/index.php\/wp-json\/wp\/v2\/posts\/181070\/revisions\/181079"}],"wp:featuredmedia":[{"embeddable":true,"href":"https:\/\/nvnoticias.mx\/index.php\/wp-json\/wp\/v2\/media\/181078"}],"wp:attachment":[{"href":"https:\/\/nvnoticias.mx\/index.php\/wp-json\/wp\/v2\/media?parent=181070"}],"wp:term":[{"taxonomy":"category","embeddable":true,"href":"https:\/\/nvnoticias.mx\/index.php\/wp-json\/wp\/v2\/categories?post=181070"},{"taxonomy":"post_tag","embeddable":true,"href":"https:\/\/nvnoticias.mx\/index.php\/wp-json\/wp\/v2\/tags?post=181070"}],"curies":[{"name":"wp","href":"https:\/\/api.w.org\/{rel}","templated":true}]}}