{"id":181016,"date":"2025-04-29T10:13:11","date_gmt":"2025-04-29T16:13:11","guid":{"rendered":"https:\/\/nvnoticias.mx\/?p=181016"},"modified":"2025-04-29T10:13:12","modified_gmt":"2025-04-29T16:13:12","slug":"corresponde-a-fiscalia-de-tamaulipas-investigar-detencion-de-delegado-del-imss-sheinbaum","status":"publish","type":"post","link":"https:\/\/nvnoticias.mx\/index.php\/2025\/04\/29\/corresponde-a-fiscalia-de-tamaulipas-investigar-detencion-de-delegado-del-imss-sheinbaum\/","title":{"rendered":"Corresponde a Fiscal\u00eda de Tamaulipas investigar detenci\u00f3n de delegado del IMSS: Sheinbaum"},"content":{"rendered":"\n<p>Ante las nuevas revelaciones relacionadas con la detenci\u00f3n moment\u00e1nea del delegado del IMSS en Tamaulipas, Jos\u00e9 Luis Aranza -a quien seg\u00fan la Secretar\u00eda de Seguridad P\u00fablica local le confirm\u00f3 la portaci\u00f3n de un arma y 298 mil pesos en efectivo-, la presidenta Claudia Sheinbaum dijo que le corresponder\u00e1 a la Fiscal\u00eda General de Justicia del estado profundizar en las investigaciones para esclarecer el caso.&nbsp;<\/p>\n\n\n\n<p>Adem\u00e1s, la auditor\u00eda interna del IMSS deber\u00e1 verificar lo sucedido.<\/p>\n\n\n\n<p>Fuente: La <a href=\"https:\/\/www.jornada.com.mx\/noticia\/2025\/04\/29\/estados\/corresponde-a-fiscalia-de-tamaulipas-investigar-detencion-de-delegado-del-imss-csp\">Jornada<\/a><\/p>\n\n\n\n<p><\/p>\n","protected":false},"excerpt":{"rendered":"<p>Ante las nuevas revelaciones relacionadas con la detenci\u00f3n moment\u00e1nea del delegado del IMSS en Tamaulipas, Jos\u00e9 Luis Aranza -a quien seg\u00fan la Secretar\u00eda de Seguridad P\u00fablica local le confirm\u00f3 la portaci\u00f3n de un arma y 298 mil pesos en efectivo-, la presidenta Claudia Sheinbaum dijo que le corresponder\u00e1 a la Fiscal\u00eda General de Justicia del [&hellip;]<\/p>\n","protected":false},"author":35,"featured_media":180764,"comment_status":"open","ping_status":"open","sticky":false,"template":"","format":"standard","meta":{"_monsterinsights_skip_tracking":false,"_monsterinsights_sitenote_active":false,"_monsterinsights_sitenote_note":"","_monsterinsights_sitenote_category":0,"footnotes":""},"categories":[157],"tags":[2801,31852,365],"class_list":["post-181016","post","type-post","status-publish","format-standard","has-post-thumbnail","hentry","category-nacional","tag-claudia-sheinbaum","tag-fiscalia-de-tamaulipas","tag-imss","wp-image-borders"],"amp_enabled":true,"_links":{"self":[{"href":"https:\/\/nvnoticias.mx\/index.php\/wp-json\/wp\/v2\/posts\/181016","targetHints":{"allow":["GET"]}}],"collection":[{"href":"https:\/\/nvnoticias.mx\/index.php\/wp-json\/wp\/v2\/posts"}],"about":[{"href":"https:\/\/nvnoticias.mx\/index.php\/wp-json\/wp\/v2\/types\/post"}],"author":[{"embeddable":true,"href":"https:\/\/nvnoticias.mx\/index.php\/wp-json\/wp\/v2\/users\/35"}],"replies":[{"embeddable":true,"href":"https:\/\/nvnoticias.mx\/index.php\/wp-json\/wp\/v2\/comments?post=181016"}],"version-history":[{"count":3,"href":"https:\/\/nvnoticias.mx\/index.php\/wp-json\/wp\/v2\/posts\/181016\/revisions"}],"predecessor-version":[{"id":181019,"href":"https:\/\/nvnoticias.mx\/index.php\/wp-json\/wp\/v2\/posts\/181016\/revisions\/181019"}],"wp:featuredmedia":[{"embeddable":true,"href":"https:\/\/nvnoticias.mx\/index.php\/wp-json\/wp\/v2\/media\/180764"}],"wp:attachment":[{"href":"https:\/\/nvnoticias.mx\/index.php\/wp-json\/wp\/v2\/media?parent=181016"}],"wp:term":[{"taxonomy":"category","embeddable":true,"href":"https:\/\/nvnoticias.mx\/index.php\/wp-json\/wp\/v2\/categories?post=181016"},{"taxonomy":"post_tag","embeddable":true,"href":"https:\/\/nvnoticias.mx\/index.php\/wp-json\/wp\/v2\/tags?post=181016"}],"curies":[{"name":"wp","href":"https:\/\/api.w.org\/{rel}","templated":true}]}}