{"id":180867,"date":"2025-04-28T09:39:55","date_gmt":"2025-04-28T15:39:55","guid":{"rendered":"https:\/\/nvnoticias.mx\/?p=180867"},"modified":"2025-04-28T09:39:57","modified_gmt":"2025-04-28T15:39:57","slug":"fiscalia-de-morelos-debe-investigar-muerte-de-nino-en-academia-militar-sheinbaum","status":"publish","type":"post","link":"https:\/\/nvnoticias.mx\/index.php\/2025\/04\/28\/fiscalia-de-morelos-debe-investigar-muerte-de-nino-en-academia-militar-sheinbaum\/","title":{"rendered":"Fiscal\u00eda de Morelos debe investigar muerte de ni\u00f1o en academia militar: Sheinbaum"},"content":{"rendered":"\n<p>Sin abundar en mayores detalles, la presidenta Claudia Sheinbaum dijo que corresponde a la Fiscal\u00eda local investigar sobre la muerte del menor Erick Ter\u00e1n Torbellin, quien falleci\u00f3 por estallamiento de v\u00edsceras producido presuntamente por violencia al interior de la Academia Militarizada Ollin Cuauht\u00e9moc.&nbsp;<\/p>\n\n\n\n<blockquote class=\"wp-block-quote is-layout-flow wp-block-quote-is-layout-flow\">\n<p>&#8220;Se tiene que investigar porque no puede haber violencia contra los menores en las escuelas&#8221;, dijo.<\/p>\n<\/blockquote>\n\n\n\n<p>Fuente: La <a href=\"https:\/\/www.jornada.com.mx\/noticia\/2025\/04\/28\/capital\/fiscalia-de-morelos-debe-investigar-muerte-de-nino-en-en-academia-militar-sheinbaum\">Jornada <\/a><\/p>\n","protected":false},"excerpt":{"rendered":"<p>Sin abundar en mayores detalles, la presidenta Claudia Sheinbaum dijo que corresponde a la Fiscal\u00eda local investigar sobre la muerte del menor Erick Ter\u00e1n Torbellin, quien falleci\u00f3 por estallamiento de v\u00edsceras producido presuntamente por violencia al interior de la Academia Militarizada Ollin Cuauht\u00e9moc.&nbsp; &#8220;Se tiene que investigar porque no puede haber violencia contra los menores [&hellip;]<\/p>\n","protected":false},"author":35,"featured_media":180870,"comment_status":"open","ping_status":"open","sticky":false,"template":"","format":"standard","meta":{"_monsterinsights_skip_tracking":false,"_monsterinsights_sitenote_active":false,"_monsterinsights_sitenote_note":"","_monsterinsights_sitenote_category":0,"footnotes":""},"categories":[158],"tags":[31851,2801,1468,919],"class_list":["post-180867","post","type-post","status-publish","format-standard","has-post-thumbnail","hentry","category-politica","tag-agencia-militar","tag-claudia-sheinbaum","tag-morelos","tag-nino","wp-image-borders"],"amp_enabled":true,"_links":{"self":[{"href":"https:\/\/nvnoticias.mx\/index.php\/wp-json\/wp\/v2\/posts\/180867","targetHints":{"allow":["GET"]}}],"collection":[{"href":"https:\/\/nvnoticias.mx\/index.php\/wp-json\/wp\/v2\/posts"}],"about":[{"href":"https:\/\/nvnoticias.mx\/index.php\/wp-json\/wp\/v2\/types\/post"}],"author":[{"embeddable":true,"href":"https:\/\/nvnoticias.mx\/index.php\/wp-json\/wp\/v2\/users\/35"}],"replies":[{"embeddable":true,"href":"https:\/\/nvnoticias.mx\/index.php\/wp-json\/wp\/v2\/comments?post=180867"}],"version-history":[{"count":3,"href":"https:\/\/nvnoticias.mx\/index.php\/wp-json\/wp\/v2\/posts\/180867\/revisions"}],"predecessor-version":[{"id":180871,"href":"https:\/\/nvnoticias.mx\/index.php\/wp-json\/wp\/v2\/posts\/180867\/revisions\/180871"}],"wp:featuredmedia":[{"embeddable":true,"href":"https:\/\/nvnoticias.mx\/index.php\/wp-json\/wp\/v2\/media\/180870"}],"wp:attachment":[{"href":"https:\/\/nvnoticias.mx\/index.php\/wp-json\/wp\/v2\/media?parent=180867"}],"wp:term":[{"taxonomy":"category","embeddable":true,"href":"https:\/\/nvnoticias.mx\/index.php\/wp-json\/wp\/v2\/categories?post=180867"},{"taxonomy":"post_tag","embeddable":true,"href":"https:\/\/nvnoticias.mx\/index.php\/wp-json\/wp\/v2\/tags?post=180867"}],"curies":[{"name":"wp","href":"https:\/\/api.w.org\/{rel}","templated":true}]}}