{"id":180610,"date":"2025-04-24T13:53:24","date_gmt":"2025-04-24T19:53:24","guid":{"rendered":"https:\/\/nvnoticias.mx\/?p=180610"},"modified":"2025-04-24T13:53:26","modified_gmt":"2025-04-24T19:53:26","slug":"rechaza-sheinbaum-recesion-y-afirma-solidez-economica-con-inversiones-y-plan-mexico","status":"publish","type":"post","link":"https:\/\/nvnoticias.mx\/index.php\/2025\/04\/24\/rechaza-sheinbaum-recesion-y-afirma-solidez-economica-con-inversiones-y-plan-mexico\/","title":{"rendered":"Rechaza Sheinbaum recesi\u00f3n y afirma solidez econ\u00f3mica con inversiones y Plan M\u00e9xico"},"content":{"rendered":"\n<p>Ante los reportes del Inegi sobre una ligera ca\u00edda de la econom\u00eda en 0.2 por ciento , la presidenta Claudia Sheinbaum rechaz\u00f3 las proyecciones de que la econom\u00eda mexicana pueda entrar en un periodo de recesi\u00f3n.<\/p>\n\n\n\n<p>En una breve referencia a la difusi\u00f3n de este reporte dijo que no corresponde a la realidad porque, seg\u00fan dijo, no considera la instrumentaci\u00f3n del Plan M\u00e9xico y las inversiones que atraer\u00e1 su implementaci\u00f3n.<\/p>\n\n\n\n<p>Atribuy\u00f3 el reporte de ca\u00edda econ\u00f3mica a la renovaci\u00f3n del gobierno federal. Esto es, cuando una administraci\u00f3n concluye, se cierran las obras p\u00fablicas y con la entrada del nuevo gobierno se anuncian nuevas pero hay un periodo para lanzar la licitaci\u00f3n, y actualmente se est\u00e1 en esa etapa. Cuando se reanuden se reactiva la industria de la construcci\u00f3n que es una de las que tienen mayor impacto en la econom\u00eda.<\/p>\n\n\n\n<p>Destac\u00f3 adem\u00e1s que e tiene contemplado formalizar en breve el anuncio de nuevos polos del bienestar en el pa\u00eds que se ubicaran en distintos estados del pa\u00eds.No porque Chihuahua o Guanajuato no est\u00e9 gobernado por nuestro movimiento, no se va a promover estos proyectos, \u201ctenemos la obligaci\u00f3n que trabajar para todos\u201d.<\/p>\n\n\n\n<p>Fuente: La <a href=\"https:\/\/www.jornada.com.mx\/noticia\/2025\/04\/24\/economia\/rechaza-sheinbaum-que-economia-podria-entrar-en-recesion\">Jornada<\/a><\/p>\n\n\n\n<p><\/p>\n","protected":false},"excerpt":{"rendered":"<p>Ante los reportes del Inegi sobre una ligera ca\u00edda de la econom\u00eda en 0.2 por ciento , la presidenta Claudia Sheinbaum rechaz\u00f3 las proyecciones de que la econom\u00eda mexicana pueda entrar en un periodo de recesi\u00f3n. En una breve referencia a la difusi\u00f3n de este reporte dijo que no corresponde a la realidad porque, seg\u00fan [&hellip;]<\/p>\n","protected":false},"author":35,"featured_media":1247,"comment_status":"open","ping_status":"open","sticky":false,"template":"","format":"standard","meta":{"_monsterinsights_skip_tracking":false,"_monsterinsights_sitenote_active":false,"_monsterinsights_sitenote_note":"","_monsterinsights_sitenote_category":0,"footnotes":""},"categories":[157],"tags":[2801,8079],"class_list":["post-180610","post","type-post","status-publish","format-standard","has-post-thumbnail","hentry","category-nacional","tag-claudia-sheinbaum","tag-plan-mexico","wp-image-borders"],"amp_enabled":true,"_links":{"self":[{"href":"https:\/\/nvnoticias.mx\/index.php\/wp-json\/wp\/v2\/posts\/180610","targetHints":{"allow":["GET"]}}],"collection":[{"href":"https:\/\/nvnoticias.mx\/index.php\/wp-json\/wp\/v2\/posts"}],"about":[{"href":"https:\/\/nvnoticias.mx\/index.php\/wp-json\/wp\/v2\/types\/post"}],"author":[{"embeddable":true,"href":"https:\/\/nvnoticias.mx\/index.php\/wp-json\/wp\/v2\/users\/35"}],"replies":[{"embeddable":true,"href":"https:\/\/nvnoticias.mx\/index.php\/wp-json\/wp\/v2\/comments?post=180610"}],"version-history":[{"count":4,"href":"https:\/\/nvnoticias.mx\/index.php\/wp-json\/wp\/v2\/posts\/180610\/revisions"}],"predecessor-version":[{"id":180614,"href":"https:\/\/nvnoticias.mx\/index.php\/wp-json\/wp\/v2\/posts\/180610\/revisions\/180614"}],"wp:featuredmedia":[{"embeddable":true,"href":"https:\/\/nvnoticias.mx\/index.php\/wp-json\/wp\/v2\/media\/1247"}],"wp:attachment":[{"href":"https:\/\/nvnoticias.mx\/index.php\/wp-json\/wp\/v2\/media?parent=180610"}],"wp:term":[{"taxonomy":"category","embeddable":true,"href":"https:\/\/nvnoticias.mx\/index.php\/wp-json\/wp\/v2\/categories?post=180610"},{"taxonomy":"post_tag","embeddable":true,"href":"https:\/\/nvnoticias.mx\/index.php\/wp-json\/wp\/v2\/tags?post=180610"}],"curies":[{"name":"wp","href":"https:\/\/api.w.org\/{rel}","templated":true}]}}