{"id":180586,"date":"2025-04-24T12:08:35","date_gmt":"2025-04-24T18:08:35","guid":{"rendered":"https:\/\/nvnoticias.mx\/?p=180586"},"modified":"2025-04-24T12:08:37","modified_gmt":"2025-04-24T18:08:37","slug":"gobierno-no-ha-autorizado-aumento-en-tarifas-de-taxi","status":"publish","type":"post","link":"https:\/\/nvnoticias.mx\/index.php\/2025\/04\/24\/gobierno-no-ha-autorizado-aumento-en-tarifas-de-taxi\/","title":{"rendered":"Gobierno no ha autorizado aumento en tarifas de taxi"},"content":{"rendered":"\n<p><\/p>\n\n\n\n<p><strong>Sam Ojeda \/ NV Noticias<\/strong><\/p>\n\n\n\n<p>Xalapa.- El Gobierno del estado no ha autorizado aumento en tarifas de taxis, se\u00f1al\u00f3 el secretario de Gobierno, Ricardo Ahued Bardahuil.<\/p>\n\n\n\n<p>Dijo esto tras la publicaci\u00f3n en redes sociales de supuestas tarifas con aumentos en ciudades como Xalapa.<\/p>\n\n\n\n<p>\u201cNo hay todav\u00eda ninguna tarifa oficializada en este momento, ni de taxis ni de camiones, si tuvi\u00e9ramos alguna informaci\u00f3n relevante u oficial que se tenga que publicar, se los hacemos saber\u201d, dijo.<\/p>\n\n\n\n<p>Aunque acept\u00f3 que los concesionarios s\u00ed han solicitado el aumento este no se ha concedido.&nbsp;<\/p>\n\n\n\n<p>\u201cEs una demanda desde hace muchos a\u00f1os del transporte urbano, suburbano y en tarifas de taxis pero no se ha logrado un tema de esos y menos en \u00e9poca electoral\u201d, dijo.&nbsp;<\/p>\n\n\n\n<p>Ahued Bardahuil indic\u00f3 que han sostenido pl\u00e1ticas con los empresarios del ramo que insisten en el aumento debido a los incrementos en costos de insumos y combustibles.&nbsp;<\/p>\n\n\n\n<p>Pero dijo que han sido comprensivos con la postura de no autorizar aumentos por parte del Gobierno del estado. &nbsp;<\/p>\n\n\n\n<p>\u201cHemos platicado con ellos y han sido muy comprensivos. La petici\u00f3n constante es la mejora de las tarifas por los. Incrementos en llantas en veh\u00edculos y gasolina pero no se ha podido lograr todav\u00eda\u201d, dijo. &nbsp;<\/p>\n","protected":false},"excerpt":{"rendered":"<p>Sam Ojeda \/ NV Noticias Xalapa.- El Gobierno del estado no ha autorizado aumento en tarifas de taxis, se\u00f1al\u00f3 el secretario de Gobierno, Ricardo Ahued Bardahuil. Dijo esto tras la publicaci\u00f3n en redes sociales de supuestas tarifas con aumentos en ciudades como Xalapa. \u201cNo hay todav\u00eda ninguna tarifa oficializada en este momento, ni de taxis [&hellip;]<\/p>\n","protected":false},"author":8,"featured_media":39530,"comment_status":"open","ping_status":"open","sticky":false,"template":"","format":"standard","meta":{"_monsterinsights_skip_tracking":false,"_monsterinsights_sitenote_active":false,"_monsterinsights_sitenote_note":"","_monsterinsights_sitenote_category":0,"footnotes":""},"categories":[156],"tags":[3109,1050,422],"class_list":["post-180586","post","type-post","status-publish","format-standard","has-post-thumbnail","hentry","category-estado","tag-aumento","tag-tarifas","tag-taxis","wp-image-borders"],"amp_enabled":true,"_links":{"self":[{"href":"https:\/\/nvnoticias.mx\/index.php\/wp-json\/wp\/v2\/posts\/180586","targetHints":{"allow":["GET"]}}],"collection":[{"href":"https:\/\/nvnoticias.mx\/index.php\/wp-json\/wp\/v2\/posts"}],"about":[{"href":"https:\/\/nvnoticias.mx\/index.php\/wp-json\/wp\/v2\/types\/post"}],"author":[{"embeddable":true,"href":"https:\/\/nvnoticias.mx\/index.php\/wp-json\/wp\/v2\/users\/8"}],"replies":[{"embeddable":true,"href":"https:\/\/nvnoticias.mx\/index.php\/wp-json\/wp\/v2\/comments?post=180586"}],"version-history":[{"count":1,"href":"https:\/\/nvnoticias.mx\/index.php\/wp-json\/wp\/v2\/posts\/180586\/revisions"}],"predecessor-version":[{"id":180587,"href":"https:\/\/nvnoticias.mx\/index.php\/wp-json\/wp\/v2\/posts\/180586\/revisions\/180587"}],"wp:featuredmedia":[{"embeddable":true,"href":"https:\/\/nvnoticias.mx\/index.php\/wp-json\/wp\/v2\/media\/39530"}],"wp:attachment":[{"href":"https:\/\/nvnoticias.mx\/index.php\/wp-json\/wp\/v2\/media?parent=180586"}],"wp:term":[{"taxonomy":"category","embeddable":true,"href":"https:\/\/nvnoticias.mx\/index.php\/wp-json\/wp\/v2\/categories?post=180586"},{"taxonomy":"post_tag","embeddable":true,"href":"https:\/\/nvnoticias.mx\/index.php\/wp-json\/wp\/v2\/tags?post=180586"}],"curies":[{"name":"wp","href":"https:\/\/api.w.org\/{rel}","templated":true}]}}