{"id":17992,"date":"2021-07-05T11:35:00","date_gmt":"2021-07-05T16:35:00","guid":{"rendered":"https:\/\/nvnoticias.mx\/?p=17992"},"modified":"2021-07-07T11:36:08","modified_gmt":"2021-07-07T16:36:08","slug":"queridos-adversarios","status":"publish","type":"post","link":"https:\/\/nvnoticias.mx\/index.php\/2021\/07\/05\/queridos-adversarios\/","title":{"rendered":"Queridos adversarios"},"content":{"rendered":"\n<p>El presidente L\u00f3pez Obrador, en el mensaje que dirigi\u00f3 a la naci\u00f3n con motivo del tercer aniversario del triunfo electoral que lo llev\u00f3 a la titularidad del Poder Ejecutivo Federal, hizo alusi\u00f3n a la consolidaci\u00f3n de un grupo reaccionario opositor a su gobierno. Esto sugiere la existencia de un movimiento conformado por m\u00faltiples organizaciones sociales.<\/p>\n\n\n\n<p>Sin embargo, nunca ha definido c\u00f3mo est\u00e1 conformado\u2026 \u00bfQui\u00e9nes son sus integrantes? \u2026 \u00bfC\u00f3mo se llaman?&#8230; \u00bfQu\u00e9 fines persiguen?&#8230; Para describir la identidad de sus opositores, s\u00f3lo utiliza adjetivos calificativos y frases estereotipadas sacadas de los libros de historia.<\/p>\n\n\n\n<p>S\u00f3lo en las ma\u00f1aneras hace alusi\u00f3n a algunas individualidades, que ya son hu\u00e9spedes recurrentes en su narrativa.<\/p>\n\n\n\n<p>Sin embargo, los adversarios son el ox\u00edgeno necesario para que el presidente pueda proyectar a sus seguidores la existencia de una lucha de clases.<\/p>\n\n\n\n<p>No puede haber confrontaci\u00f3n ni resentimientos capitalizables pol\u00edticamente si no existen adversarios a quienes responsabilizar de las adversidades colectivas. Por ello, si no existieran conciencias cr\u00edticas que continuamente manifiestan su rechazo a las actuales medidas gubernamentales, exhibiendo argumentos e informaci\u00f3n de respaldo, entonces desde el mismo gobierno tendr\u00edan que crear estos adversarios con identidades ficticias. Los adversarios son el alma de la narrativa presidencial cotidiana y por tanto, no puede prescindir de ellos. Para que haya un h\u00e9roe, tiene que haber \u201cantih\u00e9roes\u201d.<\/p>\n\n\n\n<p>Y ya metido en este tema, el presidente aclar\u00f3 que sus adversarios nunca podr\u00e1n impedir que se ayude a los pobres, que se entreguen pensiones para adultos mayores, as\u00ed como atenci\u00f3n m\u00e9dica, becas y que se desarrollen programas como sembrando vida y j\u00f3venes construyendo el futuro\u2026 ni siquiera podr\u00e1n frenar la construcci\u00f3n del tren maya, sentenci\u00f3.<\/p>\n\n\n\n<p>La realidad es que nunca he le\u00eddo, o presenciado en programas de TV o radio, una cr\u00edtica a la entrega de ayudas sociales para la gente vulnerable, por parte de ning\u00fan l\u00edder opositor.<\/p>\n\n\n\n<p>Las cr\u00edticas generalmente son dirigidas al derroche que representan obras que no tienen un sustento de mercado, como lo es el \u201cTren Maya\u201d, que dif\u00edcilmente tendr\u00e1 el n\u00famero m\u00ednimo de pasajeros que pague un boleto de lujo que convierta a este medio de transporte en un proyecto tur\u00edstico de alta rentabilidad, o tambi\u00e9n la cancelaci\u00f3n del aeropuerto de Texcoco, que represent\u00f3 una alta inversi\u00f3n tirada a la basura, o las consultas populares, innecesarias pero que permiten seguir proyectando una percepci\u00f3n de democracia participativa, aunque no tengan ning\u00fan significado, como lo ser\u00e1 la que realizar\u00e1 el INE pr\u00f3ximamente para juzgar a los actores pol\u00edticos del pasado, ahora que la SCJN impidi\u00f3 que se juzgase a los expresidentes. Dinero perdido, gastado para preguntar obviedades.<\/p>\n\n\n\n<p>Sin embargo, es importante considerar que m\u00e1s all\u00e1 de exhibir a algunos periodistas de alto rating, las acusaciones presidenciales son abstractas, lanzadas a Fuente Ovejuna, tan ambiguas, como cuando se refiere al pueblo.<\/p>\n\n\n\n<p>Esto nos lleva a suponer que para el presidente tener adversarios es una necesidad vital, pues son la esencia que justifica verse \u00e9l a s\u00ed mismo como un dem\u00f3crata respetuoso de las voces disidentes.<\/p>\n\n\n\n<p>Esto nos puede llevar a suponer que, si durante un mes hubiese una tregua y ya no se manifestasen voces disidentes, ni adversarios de los cuales hablar, este gobierno los tendr\u00eda que crear. Entonces desde el mismo gobierno de la 4T surgir\u00eda la instrucci\u00f3n de que los corifeos, periodistas a modo y aplaudidores, mudaran de actitud y empezaran de modo ficticio a asumir un rol cr\u00edtico para llenar ese espacio.<\/p>\n\n\n\n<p>Los adversarios son el ox\u00edgeno necesario para proyectar a los seguidores de la 4T la existencia de una lucha de clases. No puede haber confrontaci\u00f3n ni resentimientos capitalizables pol\u00edticamente si no existen adversarios. Por ello, si no existieran conciencias cr\u00edticas que manifiestan su rechazo a las actuales medidas gubernamentales, tendr\u00edan que crearlas con identidades ficticias.<\/p>\n\n\n\n<p>Para mantener el respaldo popular a un gobierno sin resultados, se vuelve necesario una estrategia de confrontaci\u00f3n con adversarios, reales o ficticios.<\/p>\n\n\n\n<p>Han desgastado tanto la confrontaci\u00f3n, entrampada siempre con los mismos supuestos adversarios, que ya hemos visto el intento de crear nuevos protagonistas, como la aberrante ocurrencia de L\u00f3pez Gatell de convertir al grupo de padres de ni\u00f1os enfermos de c\u00e1ncer en golpistas al servicio de intereses multinacionales, o a la \u201cclase media\u201d convertida en traidora para la 4T, movida por insanas aspiraciones de mejor calidad de vida, o a la fundaci\u00f3n \u201cMexicanos contra la Corrupci\u00f3n\u201d convertida en saboteadora de este gobierno, que por iron\u00eda, tambi\u00e9n lucha contra la corrupci\u00f3n.<\/p>\n\n\n\n<p>Los opositores, convertidos en adversarios, son una necesidad primordial para un gobierno que, ante la falta de resultados, ha hecho de la comunicaci\u00f3n p\u00fablica su raz\u00f3n de ser.<\/p>\n\n\n\n<p>\u00bfA usted qu\u00e9 le parece?<\/p>\n\n\n\n<p class=\"has-text-align-right\">Facebook: @Ricardo.Homs1<\/p>\n\n\n\n<p class=\"has-text-align-right\">Twitter: @homsricardo<\/p>\n\n\n\n<p class=\"has-text-align-right\">Linkedin: Ricardo Homs<\/p>\n\n\n\n<p class=\"has-text-align-right\">www.ricardohoms.com<\/p>\n","protected":false},"excerpt":{"rendered":"<p>El presidente L\u00f3pez Obrador, en el mensaje que dirigi\u00f3 a la naci\u00f3n con motivo del tercer aniversario del triunfo electoral que lo llev\u00f3 a la titularidad del Poder Ejecutivo Federal, hizo alusi\u00f3n a la consolidaci\u00f3n de un grupo reaccionario opositor a su gobierno. Esto sugiere la existencia de un movimiento conformado por m\u00faltiples organizaciones sociales. [&hellip;]<\/p>\n","protected":false},"author":18,"featured_media":17557,"comment_status":"open","ping_status":"open","sticky":false,"template":"","format":"standard","meta":{"_monsterinsights_skip_tracking":false,"_monsterinsights_sitenote_active":false,"_monsterinsights_sitenote_note":"","_monsterinsights_sitenote_category":0,"footnotes":""},"categories":[246],"tags":[173],"class_list":["post-17992","post","type-post","status-publish","format-standard","has-post-thumbnail","hentry","category-ricardo-homs","tag-ricardo-homs","wp-image-borders"],"amp_enabled":true,"_links":{"self":[{"href":"https:\/\/nvnoticias.mx\/index.php\/wp-json\/wp\/v2\/posts\/17992","targetHints":{"allow":["GET"]}}],"collection":[{"href":"https:\/\/nvnoticias.mx\/index.php\/wp-json\/wp\/v2\/posts"}],"about":[{"href":"https:\/\/nvnoticias.mx\/index.php\/wp-json\/wp\/v2\/types\/post"}],"author":[{"embeddable":true,"href":"https:\/\/nvnoticias.mx\/index.php\/wp-json\/wp\/v2\/users\/18"}],"replies":[{"embeddable":true,"href":"https:\/\/nvnoticias.mx\/index.php\/wp-json\/wp\/v2\/comments?post=17992"}],"version-history":[{"count":1,"href":"https:\/\/nvnoticias.mx\/index.php\/wp-json\/wp\/v2\/posts\/17992\/revisions"}],"predecessor-version":[{"id":17993,"href":"https:\/\/nvnoticias.mx\/index.php\/wp-json\/wp\/v2\/posts\/17992\/revisions\/17993"}],"wp:featuredmedia":[{"embeddable":true,"href":"https:\/\/nvnoticias.mx\/index.php\/wp-json\/wp\/v2\/media\/17557"}],"wp:attachment":[{"href":"https:\/\/nvnoticias.mx\/index.php\/wp-json\/wp\/v2\/media?parent=17992"}],"wp:term":[{"taxonomy":"category","embeddable":true,"href":"https:\/\/nvnoticias.mx\/index.php\/wp-json\/wp\/v2\/categories?post=17992"},{"taxonomy":"post_tag","embeddable":true,"href":"https:\/\/nvnoticias.mx\/index.php\/wp-json\/wp\/v2\/tags?post=17992"}],"curies":[{"name":"wp","href":"https:\/\/api.w.org\/{rel}","templated":true}]}}