{"id":1799,"date":"2021-01-20T11:39:59","date_gmt":"2021-01-20T17:39:59","guid":{"rendered":"https:\/\/nvnoticias.mx\/?p=1799"},"modified":"2021-01-20T11:40:00","modified_gmt":"2021-01-20T17:40:00","slug":"biden-se-convierte-en-el-presidente-numero-46-de-eu","status":"publish","type":"post","link":"https:\/\/nvnoticias.mx\/index.php\/2021\/01\/20\/biden-se-convierte-en-el-presidente-numero-46-de-eu\/","title":{"rendered":"Biden se convierte en el presidente n\u00famero 46 de EU"},"content":{"rendered":"\n<p>Luego de ganar la carrera presidencial contra el republicano\u00a0Donald Trump, <strong>Joe Biden<\/strong>\u00a0tom\u00f3<strong>\u00a0posesi\u00f3n\u00a0<\/strong>como el\u00a0<strong>46\u00ba presidente de Estados Unidos<\/strong>, al jurar el cargo en la ceremonia oficial marcada por la<strong>\u00a0ausencia<\/strong>\u00a0del\u00a0<strong>mandatario saliente<\/strong>.<\/p>\n\n\n\n<p>El nuevo presidente de<strong>\u00a0EU<\/strong>\u00a0dio su primer mensaje a la naci\u00f3n donde afirm\u00f3 que hoy es el d\u00eda de la historia y la esperanza de Estados Unidos.\u00a0<\/p>\n\n\n\n<blockquote class=\"wp-block-quote is-layout-flow wp-block-quote-is-layout-flow\"><p>&#8220;Este es el d\u00eda de Estados Unidos.\u00a0El d\u00eda de la historia y la esperanza, de la renovaci\u00f3n. Estados Unidos ha sido puesto a prueba una vez m\u00e1s y Estados Unidos ha dicho &#8220;presente&#8221; ante este desaf\u00edo.<\/p><\/blockquote>\n\n\n\n<p>Cabe destacar que en el\u00a0<strong>acto<\/strong>\u00a0estuvieron presentes los\u00a0<strong>expresidentes dem\u00f3cratas Barack Obama y Bill Clinton<\/strong>\u00a0y el\u00a0<strong>exmandatario republicano George W. Bush<\/strong>.<\/p>\n\n\n\n<p><\/p>\n","protected":false},"excerpt":{"rendered":"<p>Luego de ganar la carrera presidencial contra el republicano\u00a0Donald Trump, Joe Biden\u00a0tom\u00f3\u00a0posesi\u00f3n\u00a0como el\u00a046\u00ba presidente de Estados Unidos, al jurar el cargo en la ceremonia oficial marcada por la\u00a0ausencia\u00a0del\u00a0mandatario saliente. El nuevo presidente de\u00a0EU\u00a0dio su primer mensaje a la naci\u00f3n donde afirm\u00f3 que hoy es el d\u00eda de la historia y la esperanza de Estados Unidos.\u00a0 [&hellip;]<\/p>\n","protected":false},"author":6,"featured_media":1801,"comment_status":"open","ping_status":"open","sticky":false,"template":"","format":"standard","meta":{"_monsterinsights_skip_tracking":false,"_monsterinsights_sitenote_active":false,"_monsterinsights_sitenote_note":"","_monsterinsights_sitenote_category":0,"footnotes":""},"categories":[181],"tags":[183,182,162],"class_list":["post-1799","post","type-post","status-publish","format-standard","has-post-thumbnail","hentry","category-internacional","tag-estados-unidos","tag-joe-biden","tag-portada","wp-image-borders"],"amp_enabled":true,"_links":{"self":[{"href":"https:\/\/nvnoticias.mx\/index.php\/wp-json\/wp\/v2\/posts\/1799","targetHints":{"allow":["GET"]}}],"collection":[{"href":"https:\/\/nvnoticias.mx\/index.php\/wp-json\/wp\/v2\/posts"}],"about":[{"href":"https:\/\/nvnoticias.mx\/index.php\/wp-json\/wp\/v2\/types\/post"}],"author":[{"embeddable":true,"href":"https:\/\/nvnoticias.mx\/index.php\/wp-json\/wp\/v2\/users\/6"}],"replies":[{"embeddable":true,"href":"https:\/\/nvnoticias.mx\/index.php\/wp-json\/wp\/v2\/comments?post=1799"}],"version-history":[{"count":1,"href":"https:\/\/nvnoticias.mx\/index.php\/wp-json\/wp\/v2\/posts\/1799\/revisions"}],"predecessor-version":[{"id":1802,"href":"https:\/\/nvnoticias.mx\/index.php\/wp-json\/wp\/v2\/posts\/1799\/revisions\/1802"}],"wp:featuredmedia":[{"embeddable":true,"href":"https:\/\/nvnoticias.mx\/index.php\/wp-json\/wp\/v2\/media\/1801"}],"wp:attachment":[{"href":"https:\/\/nvnoticias.mx\/index.php\/wp-json\/wp\/v2\/media?parent=1799"}],"wp:term":[{"taxonomy":"category","embeddable":true,"href":"https:\/\/nvnoticias.mx\/index.php\/wp-json\/wp\/v2\/categories?post=1799"},{"taxonomy":"post_tag","embeddable":true,"href":"https:\/\/nvnoticias.mx\/index.php\/wp-json\/wp\/v2\/tags?post=1799"}],"curies":[{"name":"wp","href":"https:\/\/api.w.org\/{rel}","templated":true}]}}