{"id":179773,"date":"2025-04-17T08:45:52","date_gmt":"2025-04-17T14:45:52","guid":{"rendered":"https:\/\/nvnoticias.mx\/?p=179773"},"modified":"2025-04-17T08:45:54","modified_gmt":"2025-04-17T14:45:54","slug":"rey-david-abrira-contra-pericos","status":"publish","type":"post","link":"https:\/\/nvnoticias.mx\/index.php\/2025\/04\/17\/rey-david-abrira-contra-pericos\/","title":{"rendered":"\u2018Rey David\u2019 abrir\u00e1 contra Pericos"},"content":{"rendered":"\n<p><\/p>\n\n\n\n<p>David Reyes es anunciado oficialmente por el m\u00e1nager N\u00e9stor Rojas para abrir el juego inaugural ante los Pericos de Puebla, este viernes en el Estadio Beto \u00c1vila.<\/p>\n\n\n\n<p>\u201cRey David\u201d encabeza nuevamente la rotaci\u00f3n abridora de El \u00c1guila y lo har\u00e1 ante su afici\u00f3n en el Estadio Beto \u00c1vila, Dinelson Lamet y Sammy Peralta completan la rotaci\u00f3n contra los poblanos.<\/p>\n\n\n\n<p>Para la serie contra Bravos en gira, subir\u00e1n a loma: M\u00e1ximo Castillo, Esmil Rogers y Tyler Alexander.<\/p>\n\n\n\n<p>Este es el roster con el cual El Glorioso arranca la temporada 2025.<\/p>\n\n\n\n<p><strong>CATCHERS<\/strong><\/p>\n\n\n\n<p>Sebasti\u00e1n Valle<\/p>\n\n\n\n<p>Juan Uriarte<\/p>\n\n\n\n<p><strong>INFIELDERS<\/strong><\/p>\n\n\n\n<p>David Rodr\u00edguez<\/p>\n\n\n\n<p>Carlos Santiago<\/p>\n\n\n\n<p>Wilson Garc\u00eda<\/p>\n\n\n\n<p>Carlos Arellano<\/p>\n\n\n\n<p>Yangervis Solarte<\/p>\n\n\n\n<p>Pedro Mart\u00ednez<\/p>\n\n\n\n<p>Breyvic Valera<\/p>\n\n\n\n<p><strong>OUTFIELDERS<\/strong><\/p>\n\n\n\n<p>Diego Rincones<\/p>\n\n\n\n<p>S\u00f3crates Brito<\/p>\n\n\n\n<p>Nomar Mazara<\/p>\n\n\n\n<p>Herlis Rodr\u00edguez<\/p>\n\n\n\n<p>Daniel Monta\u00f1o<\/p>\n\n\n\n<p><strong>PITCHERS<\/strong><\/p>\n\n\n\n<p>David Reyes<\/p>\n\n\n\n<p>Dinelson Lamet<\/p>\n\n\n\n<p>Esmil Rogers<\/p>\n\n\n\n<p>Juan Mac\u00edas<\/p>\n\n\n\n<p>Robinson Hern\u00e1ndez<\/p>\n\n\n\n<p>Alejandro Melean<\/p>\n\n\n\n<p>M\u00e1ximo Castillo<\/p>\n\n\n\n<p>Tyler Alexander<\/p>\n\n\n\n<p>Aldry Acosta<\/p>\n\n\n\n<p>Samuel Zazueta<\/p>\n\n\n\n<p>Jos\u00e9 Frutos<\/p>\n\n\n\n<p>Jake S\u00e1nchez<\/p>\n\n\n\n<p>H\u00e9ctor Galv\u00e1n<\/p>\n\n\n\n<p>Ram\u00f3n Rosso<\/p>\n\n\n\n<p>Sammy Peralta<\/p>\n\n\n\n<p>Victor Buelna<\/p>\n\n\n\n<p>Alejandro Trujillo<\/p>\n\n\n\n<p>Miguel Mart\u00ednez<\/p>\n\n\n\n<p><strong>CUERPO T\u00c9CNICO<\/strong><\/p>\n\n\n\n<p>N\u00e9stor Rojas, m\u00e1nager<\/p>\n\n\n\n<p>Ram\u00f3n Valdez, coach banca<\/p>\n\n\n\n<p>Gustavo Salcedo, coach de pitcheo<\/p>\n\n\n\n<p>Esteban Loaiza, coach asistente pitcheo<\/p>\n\n\n\n<p>Eleazar Mora, coach de bullpen<\/p>\n\n\n\n<p>Emilio Linares, coach de tercera<\/p>\n\n\n\n<p>Heber G\u00f3mez, coach de primera<\/p>\n\n\n\n<p>R\u00f3mulo Mart\u00ednez, coach de bateo<\/p>\n\n\n\n<p>Jes\u00fas Valdez, asistente coach bateo<\/p>\n\n\n\n<p>H\u00e9ctor Paez, coach de receptores<\/p>\n\n\n\n<p>Ra\u00fal Rico, coach de calidad<\/p>\n\n\n\n<p>Jos\u00e9 Burgos, coach de anal\u00edtica<\/p>\n\n\n\n<p>Iv\u00e1n Luna, preparador f\u00edsico<\/p>\n\n\n\n<p>Ysrael Rergis, preparador f\u00edsico<\/p>\n\n\n\n<p>Luis Figuera, trainer<\/p>\n\n\n\n<p>Carlos Olmos, trainer<\/p>\n\n\n\n<p>Jhonny Salgado, coach mental<\/p>\n\n\n\n<p>ROTACI\u00d3N<\/p>\n\n\n\n<p>David Reyes<\/p>\n\n\n\n<p>Dinelson Lamet<\/p>\n\n\n\n<p>Sammy Peralta<\/p>\n\n\n\n<p>M\u00e1ximo Castillo<\/p>\n\n\n\n<p>Esmil Rogers<\/p>\n\n\n\n<p>Tyler Alexander<\/p>\n","protected":false},"excerpt":{"rendered":"<p>David Reyes es anunciado oficialmente por el m\u00e1nager N\u00e9stor Rojas para abrir el juego inaugural ante los Pericos de Puebla, este viernes en el Estadio Beto \u00c1vila. \u201cRey David\u201d encabeza nuevamente la rotaci\u00f3n abridora de El \u00c1guila y lo har\u00e1 ante su afici\u00f3n en el Estadio Beto \u00c1vila, Dinelson Lamet y Sammy Peralta completan la [&hellip;]<\/p>\n","protected":false},"author":6,"featured_media":179774,"comment_status":"open","ping_status":"open","sticky":false,"template":"","format":"standard","meta":{"_monsterinsights_skip_tracking":false,"_monsterinsights_sitenote_active":false,"_monsterinsights_sitenote_note":"","_monsterinsights_sitenote_category":0,"footnotes":""},"categories":[159],"tags":[23926,3958],"class_list":["post-179773","post","type-post","status-publish","format-standard","has-post-thumbnail","hentry","category-deportes","tag-aguila-de-veracruz-2","tag-pericos","wp-image-borders"],"amp_enabled":true,"_links":{"self":[{"href":"https:\/\/nvnoticias.mx\/index.php\/wp-json\/wp\/v2\/posts\/179773","targetHints":{"allow":["GET"]}}],"collection":[{"href":"https:\/\/nvnoticias.mx\/index.php\/wp-json\/wp\/v2\/posts"}],"about":[{"href":"https:\/\/nvnoticias.mx\/index.php\/wp-json\/wp\/v2\/types\/post"}],"author":[{"embeddable":true,"href":"https:\/\/nvnoticias.mx\/index.php\/wp-json\/wp\/v2\/users\/6"}],"replies":[{"embeddable":true,"href":"https:\/\/nvnoticias.mx\/index.php\/wp-json\/wp\/v2\/comments?post=179773"}],"version-history":[{"count":1,"href":"https:\/\/nvnoticias.mx\/index.php\/wp-json\/wp\/v2\/posts\/179773\/revisions"}],"predecessor-version":[{"id":179775,"href":"https:\/\/nvnoticias.mx\/index.php\/wp-json\/wp\/v2\/posts\/179773\/revisions\/179775"}],"wp:featuredmedia":[{"embeddable":true,"href":"https:\/\/nvnoticias.mx\/index.php\/wp-json\/wp\/v2\/media\/179774"}],"wp:attachment":[{"href":"https:\/\/nvnoticias.mx\/index.php\/wp-json\/wp\/v2\/media?parent=179773"}],"wp:term":[{"taxonomy":"category","embeddable":true,"href":"https:\/\/nvnoticias.mx\/index.php\/wp-json\/wp\/v2\/categories?post=179773"},{"taxonomy":"post_tag","embeddable":true,"href":"https:\/\/nvnoticias.mx\/index.php\/wp-json\/wp\/v2\/tags?post=179773"}],"curies":[{"name":"wp","href":"https:\/\/api.w.org\/{rel}","templated":true}]}}