{"id":179768,"date":"2025-04-17T08:40:26","date_gmt":"2025-04-17T14:40:26","guid":{"rendered":"https:\/\/nvnoticias.mx\/?p=179768"},"modified":"2025-04-17T08:40:28","modified_gmt":"2025-04-17T14:40:28","slug":"cuitlahuac-la-otra-version-2","status":"publish","type":"post","link":"https:\/\/nvnoticias.mx\/index.php\/2025\/04\/17\/cuitlahuac-la-otra-version-2\/","title":{"rendered":"Cuitl\u00e1huac, la otra versi\u00f3n"},"content":{"rendered":"\n<p><\/p>\n\n\n\n<figure class=\"wp-block-pullquote\"><blockquote><p><strong>Ricardo Chua<\/strong><\/p><\/blockquote><\/figure>\n\n\n\n<p>En estos d\u00edas de la Santa Santa, que son d\u00edas de periodos de reflexi\u00f3n e interiorizaci\u00f3n sobre las acciones de cada persona.. Nos cuenta &#8220;Garganta Profunda&#8221;, que pese a los respaldos Presidenciales y abrazos por parte de Claudia Sheinbaum.. El ex gobernador de Veracruz, Cuitl\u00e1huac Garc\u00eda Jim\u00e9nez, ni rezando con fervor en estas fechas, puede estar tranquilo.. Ya que seg\u00fan las versiones que se oyen en el Senado Mexicano, al xalape\u00f1o la Presidenta lo podr\u00e1 &#8220;arropar&#8221; de los ataques que vienen de Veracruz.. Pero de los del Congreso de la Uni\u00f3n y Auditor\u00eda Superior de la Federaci\u00f3n.. \u00bfC\u00f3mo?..<\/p>\n\n\n\n<p>Ayer por la ma\u00f1ana en una pl\u00e1tica con un importante actor pol\u00edtico de MORENA, en medio de un caf\u00e9 y unos tacos de birria, entr\u00f3 una llamada al celular.. Era &#8220;Garganta Profunda&#8221; con ligas del PRIMOR (Qui\u00e9n asegura adem\u00e1s que el PRI en Veracruz tambi\u00e9n ya es aliado de MORENA, pero eso es tema de otra columna).. Al responder dijo: &#8220;V\u00ed tu columna de hoy, muy bien tienes raz\u00f3n sobre el tema del -Cuit- (Cuitl\u00e1huac Garc\u00eda), los -madrazos- en su contra vienen del gobierno del Estado, su gente ya -v\u00f3mito- y tambi\u00e9n ya lo traicion\u00f3. Pero no s\u00f3lo son ellos, son otros personajes m\u00e1s poderosos ahora, que se la tienen -guardada- y ahora es cuando&#8221;..<\/p>\n\n\n\n<p>Nos paramos de la mesa y ya en la soledad de la llamada telef\u00f3nica.. Se le cuestion\u00f3: &#8220;A qu\u00e9 te refieres&#8221;.. A lo que -Garganta Profunda- explic\u00f3: &#8220;T\u00fa en la columna pusiste un nombre clave, pero no te metiste de lleno a ese tema porque t\u00fa informaci\u00f3n iba por otro lado, pero ese personaje es Jos\u00e9 Manuel del R\u00edo Virgen, qui\u00e9n ya est\u00e1 laborando en la Auditor\u00eda Superior de la Federaci\u00f3n (ASF), recuerda que es el director de Control Interno y Evaluaci\u00f3n T\u00e9cnica, que es el que se encarga de las auditor\u00edas a los gobiernos estatales y qui\u00e9n es uno de los gobernadores que acaba de salir, pues, Cuitl\u00e1huac, me voy explicando&#8221;..<\/p>\n\n\n\n<p>&#8220;Garganta Profunda&#8221; prosigui\u00f3 su relato: &#8220;Y como me imagino que ya sabes, Del R\u00edo Virgen lleg\u00f3 a ese cargo a la ASF, por una propuesta de la Comisi\u00f3n de Vigilancia de la Auditor\u00eda Superior de la Federaci\u00f3n, que la preside nada menos que Javier Herrera Borunda, el hijo de Fidel, aliado totalmente de Ricardo Monreal y de Sergio Guti\u00e9rrez Luna, todos en su momento con afrentas por -cobrar- con el ahora director de CENEGAS, Cuitl\u00e1huac Garc\u00eda Jim\u00e9nez. Ya que como gobernador a todos estos personajes afect\u00f3 de una u otra forma, les hizo la vida de -cuadritos- y no los dejaba entrar en Veracruz&#8221;..<\/p>\n\n\n\n<p>Recalc\u00f3 &#8220;Garganta Profunda&#8221; en su llamada: &#8220;Todos ellos (Javier, Sergio, Jos\u00e9 Manuel) son veracruzanos, con excepci\u00f3n de Monreal que es zacatecano, pero a todos Cuitl\u00e1huac se las debe. Y ahora ellos est\u00e1n arriba, tienen el -pandero- en su mano del destino pol\u00edtico y legal, que podr\u00eda tener el ex gobernador. Ah\u00ed es donde Claudia Sheinbaum no lo puede defender. Si los ataques en Veracruz a Cuitl\u00e1huac se los indagan a Roc\u00edo Nahle, eso es lo de menos, Roc\u00edo Nahle representa un problema menor para Cuitl\u00e1huac, el verdadero conflicto lo tienen con los otros, a ellos como los calmas&#8221;..<\/p>\n\n\n\n<p>Sigui\u00f3 comentando &#8220;Garganta Profunda&#8221; el asunto: &#8220;Aqu\u00ed el conflicto ser\u00eda que si la Presidenta, quiere detener la hondonada contra Cuitl\u00e1huac y que cesen ataques y auditor\u00edas a su gesti\u00f3n, tendr\u00eda que -gastarse- un -favor- m\u00e1s con Ricardo Monreal, Manuel Velasco y Dante Delgado, que son los -jefes- pol\u00edticos de estos personajes. Todo a cambio de qu\u00e9 porque en pol\u00edtica nada es gratis, absolutamente nada. As\u00ed que la defensa de Cuitl\u00e1huac a Claudia Sheinbaum, le puede salir demasiado cara, pero bueno est\u00e1 dando la cara por \u00e9l y eso lo debe tener un poco tranquilo por el momento&#8221;..<\/p>\n\n\n\n<p>Sin embargo, &#8220;Garganta Profunda&#8221; confi\u00f3: &#8220;Pero la gente de Cuitl\u00e1huac que se llev\u00f3 a CENEGAS andan comentando que este asunto, ha provocado diferencias entre el gobierno de Veracruz y Palacio Nacional. Yo lo \u00fanico que te puedo decir que ese dato puede ser un -arma de doble filo- porque si bien es cierto al ex gobernador le est\u00e1n dando protecci\u00f3n Presidencial, este dej\u00f3 a Veracruz con diversos conflictos, que se ve que le est\u00e1n costando resolver a Roc\u00edo Nahle. Y no se puede -tapar el sol con un dedo- , pero insisti\u00f3 el problema en Veracruz es menor, su mayor preocupaci\u00f3n debe estar en CDMX y el Congreso de la Uni\u00f3n&#8221;..<\/p>\n\n\n\n<p>Y vino la reflexi\u00f3n de -Garganta Profunda-: &#8220;T\u00fa recuerda el caso de Jos\u00e9 Manuel del R\u00edo Virgen, casi dos a\u00f1os encarcelado por un delito que no se le comprob\u00f3, Cuitl\u00e1huac lo llam\u00f3 delincuente y a Monreal lo acus\u00f3 de ser -amigo de delincuentes-. Lo trajo a las vueltas de -Pacho Viejo- a CDMX. Monreal dijo que Cuitl\u00e1huac era un represor, Dante se le ech\u00f3 encima a Cuitl\u00e1huac tambi\u00e9n. Les dej\u00f3 una afrenta muy dura. Qu\u00e9 decir de Javier Herrera, el propio Cuitl\u00e1huac no dijo nada cuando le prohibieron venir a Cosamaloapan, al distrito de su pap\u00e1, Cuitl\u00e1huac no contuvo a Eric Cisneros cuando le neg\u00f3 la entrada y miren ahora donde anda Javier y donde andan ellos&#8221;..<\/p>\n\n\n\n<p>&#8220;Qu\u00e9 decir de Sergio Guti\u00e9rrez Luna, fue el mismo Cuitl\u00e1huac que le puso el pie para no dejarlo ni ser candidato a gobernador. Lo atac\u00f3 con todo y dej\u00f3 que lo llamaran -payaso-. En ese tiempo, Sergio era un pol\u00edtico -apadrinado- por Ad\u00e1n Augusto L\u00f3pez Hern\u00e1ndez, a qui\u00e9n fustig\u00f3 por el tema de su candidatura Presidencial, siendo secretario de Gobernaci\u00f3n, no le import\u00f3, pens\u00f3 que su poder iba a ser eterno y el apoy\u00f3 de Andr\u00e9s Manuel tambi\u00e9n, pero el tiempo pasa. De Manuel Velasco que se puede decir, MORENA bajo el mando de Cuitl\u00e1huac intent\u00f3 desaparecer al PVEM en Veracruz, le quit\u00f3 diputados y alcaldes, y los -vet\u00f3- de su administraci\u00f3n. Qu\u00e9 m\u00e1s quieres&#8221;.. Se despidi\u00f3 y colg\u00f3.<\/p>\n\n\n\n<p>REFLEXI\u00d3N.. Si esto es as\u00ed, se le vienen las &#8220;tardes negras&#8221; a Cuitl\u00e1huac Garc\u00eda.. Ya que la venganza es un &#8220;plato que se come fr\u00edo&#8221;.. La defensa en Veracruz puede que la supere, pero los ataques del Congreso de la Uni\u00f3n y la ASF.. C\u00f3mo los paras.. En los 6 a\u00f1os de gobernador, debi\u00f3 aprender que en pol\u00edtica los amigos no existen, lo que existen son los intereses.. Y que en MORENA de Andr\u00e9s Manuel y de Claudia siempre ha sido: &#8220;Primero el proyecto y luego la persona&#8221;.. C\u00f3mo moraleja final: &#8220;Nunca pises a nadie al subir la escalera porque te lo puedes encontrar de nuevo al bajar&#8221;.. EL QUE ENTENDI\u00d3, LO ENTENDI\u00d3..<\/p>\n","protected":false},"excerpt":{"rendered":"<p>Ricardo Chua En estos d\u00edas de la Santa Santa, que son d\u00edas de periodos de reflexi\u00f3n e interiorizaci\u00f3n sobre las acciones de cada persona.. Nos cuenta &#8220;Garganta Profunda&#8221;, que pese a los respaldos Presidenciales y abrazos por parte de Claudia Sheinbaum.. El ex gobernador de Veracruz, Cuitl\u00e1huac Garc\u00eda Jim\u00e9nez, ni rezando con fervor en estas [&hellip;]<\/p>\n","protected":false},"author":29,"featured_media":179769,"comment_status":"open","ping_status":"open","sticky":false,"template":"","format":"standard","meta":{"_monsterinsights_skip_tracking":false,"_monsterinsights_sitenote_active":false,"_monsterinsights_sitenote_note":"","_monsterinsights_sitenote_category":0,"footnotes":""},"categories":[245],"tags":[327],"class_list":["post-179768","post","type-post","status-publish","format-standard","has-post-thumbnail","hentry","category-dialogos-de-poder","tag-ricardo-chua","wp-image-borders"],"amp_enabled":true,"_links":{"self":[{"href":"https:\/\/nvnoticias.mx\/index.php\/wp-json\/wp\/v2\/posts\/179768","targetHints":{"allow":["GET"]}}],"collection":[{"href":"https:\/\/nvnoticias.mx\/index.php\/wp-json\/wp\/v2\/posts"}],"about":[{"href":"https:\/\/nvnoticias.mx\/index.php\/wp-json\/wp\/v2\/types\/post"}],"author":[{"embeddable":true,"href":"https:\/\/nvnoticias.mx\/index.php\/wp-json\/wp\/v2\/users\/29"}],"replies":[{"embeddable":true,"href":"https:\/\/nvnoticias.mx\/index.php\/wp-json\/wp\/v2\/comments?post=179768"}],"version-history":[{"count":1,"href":"https:\/\/nvnoticias.mx\/index.php\/wp-json\/wp\/v2\/posts\/179768\/revisions"}],"predecessor-version":[{"id":179770,"href":"https:\/\/nvnoticias.mx\/index.php\/wp-json\/wp\/v2\/posts\/179768\/revisions\/179770"}],"wp:featuredmedia":[{"embeddable":true,"href":"https:\/\/nvnoticias.mx\/index.php\/wp-json\/wp\/v2\/media\/179769"}],"wp:attachment":[{"href":"https:\/\/nvnoticias.mx\/index.php\/wp-json\/wp\/v2\/media?parent=179768"}],"wp:term":[{"taxonomy":"category","embeddable":true,"href":"https:\/\/nvnoticias.mx\/index.php\/wp-json\/wp\/v2\/categories?post=179768"},{"taxonomy":"post_tag","embeddable":true,"href":"https:\/\/nvnoticias.mx\/index.php\/wp-json\/wp\/v2\/tags?post=179768"}],"curies":[{"name":"wp","href":"https:\/\/api.w.org\/{rel}","templated":true}]}}