{"id":179658,"date":"2025-04-16T07:44:34","date_gmt":"2025-04-16T13:44:34","guid":{"rendered":"https:\/\/nvnoticias.mx\/?p=179658"},"modified":"2025-04-16T07:44:36","modified_gmt":"2025-04-16T13:44:36","slug":"cuitlahuac-garcia-la-manzana-de-la-discordia","status":"publish","type":"post","link":"https:\/\/nvnoticias.mx\/index.php\/2025\/04\/16\/cuitlahuac-garcia-la-manzana-de-la-discordia\/","title":{"rendered":"Cuitl\u00e1huac Garc\u00eda, la &#8220;manzana de la discordia&#8221;"},"content":{"rendered":"\n<p><\/p>\n\n\n\n<figure class=\"wp-block-pullquote\"><blockquote><p><strong>Ricardo Chua<\/strong><\/p><\/blockquote><\/figure>\n\n\n\n<p>Al mismo estilo del sexenio presidencial pasado.. Cuando el entonces gobernador de Veracruz Cuitl\u00e1huac Garc\u00eda Jim\u00e9nez, comet\u00eda un error o pif\u00eda en su gobierno en alg\u00fan tema pol\u00edtico y social.. Donde las redes sociales, sociedad o partidos de oposici\u00f3n, se lo &#8220;acababan&#8221; medi\u00e1ticamente por esa raz\u00f3n.. Siempre sal\u00eda Andr\u00e9s Manuel L\u00f3pez Obrador en su defensa.. Diciendo que era un &#8220;gobernador honesto&#8221; y las &#8220;aguas se calmaban&#8221; para el xalape\u00f1o.. Pasar\u00e1 lo que pasara.. Ahora parece que sucede lo mismo con Claudia Sheinbaum Pardo: Lo defiende..<\/p>\n\n\n\n<p>En las \u00faltimas semanas, desde Veracruz, pareciera que se ha EMPRENDIDO UNA CAMPA\u00d1A en contra del ex gobernador.. Y no porque Cuitl\u00e1huac no tenga responsabilidad de lo que se le se\u00f1ala (Un presunto desv\u00edo millonario en la Secretar\u00eda de Salud, que nadie detect\u00f3 hasta que se fue del gobierno).. Pero todo indica que estos ataques medi\u00e1ticos contra el xalape\u00f1o van dirigido para &#8220;cargarle&#8221; m\u00e1s &#8220;culpas&#8221; de las que pudiera tener.. Que tambi\u00e9n se hace para &#8220;cobrarle&#8221; afrentas del pasado inmediato y obviamente para que &#8220;pague el derecho de piso&#8221; de la &#8220;herencia&#8221; maldita dejada a la actual administraci\u00f3n.. ES UN CAOS..<\/p>\n\n\n\n<p>En caf\u00e9s pol\u00edticos de Veracruz y CDMX.. Se comenta que los rumores dentro de MORENA en Veracruz es que alguien tiene que ser la &#8220;cortina de humo&#8221; para que nadie se de cuenta del lento avance de la actual administraci\u00f3n estatal, que a\u00fan no termina de arrancar.. Que todos los problemas de inseguridad, pol\u00edticos y sociales tienen que tener un &#8220;culpable&#8221; y que mejor que Cuitl\u00e1huac Garc\u00eda.. Cuyo grupo pol\u00edtico est\u00e1 desaparecido de la entidad porque sus miembros ahora est\u00e1n &#8220;agazapados&#8221; como priistas del sexenio pasado o simplemente porque ahora tienen una nueva jefa..<\/p>\n\n\n\n<p>Ya que nadie olvida en la actual administraci\u00f3n estatal.. Que en su sexenio, Cuitl\u00e1huac Garc\u00eda dej\u00f3 hacer, crecer y mover a Eric Cisneros Burgos.. Qui\u00e9n busc\u00f3 ser candidato a gobernador por medio del &#8220;Cuitl\u00e1huismo&#8221;.. Pero ese &#8220;favor&#8221; fue el \u00fanico que L\u00f3pez Obrador no le cumpli\u00f3 a Garc\u00eda Jim\u00e9nez.. AMLO ya ten\u00eda a su &#8220;favorita&#8221; por encima de todos.. Y esa siempre fue Roc\u00edo Nahle Garc\u00eda.. Eso no lo puede negar nadie.. Pero Andr\u00e9s Manuel no &#8220;calm\u00f3&#8221; las ansias de nadie.. Tanto que dentro de MORENA en Veracruz, se hizo una contracampa\u00f1a en contra de Nahle, que no la hizo ni la oposici\u00f3n.. Y todo eso se paga..<\/p>\n\n\n\n<p>Lo m\u00e1s inveros\u00edmil de esta &#8220;guerra sucia&#8221; a Cuitl\u00e1huac Garc\u00eda (Qui\u00e9n dir\u00eda que lo tendr\u00edamos que escribir porque es m\u00e1s que evidente) es que hasta el partido Movimiento Ciudadano.. Que han negado -acuerdos en lo oscurito- con el partido MORENA y el gobierno estatal de Veracruz.. Atacan al ex gobernador, no por el tema de Jos\u00e9 Manuel del R\u00edo Virgen, que ser\u00eda lo m\u00e1s obvio, NOOOO.. Lo se\u00f1alan medi\u00e1ticamente de tener ACUERDOS POL\u00cdTICOS con Miguel \u00c1ngel Yunes Linares, Miguel \u00c1ngel Yunes M\u00e1rquez y con Fernando Yunes M\u00e1rquez.. En esa &#8220;guerra&#8221; pol\u00edtica-medi\u00e1tica de MC un partido sin Yunes.. DE RISA..<\/p>\n\n\n\n<p>Sobre todo que si Movimiento Ciudadano se\u00f1ala que Cuitl\u00e1huac Garc\u00eda mantuvo un ACUERDO con Los Yunes, llev\u00e1ndolos a la 4T, cuando si algo era real es que Los Yunes nunca tomaron en cuenta a Cuitl\u00e1huac, ni cuando eran adversarios.. Eso es de risa, pero pone en m\u00e1s en evidencia a MC de tener un acuerdo con MORENA para debilitar al PAN y PRI en esta elecci\u00f3n a alcaldes en Veracruz.. Ya que atacar a Yunes y Cuitl\u00e1huac hacerle favor a MORENA en Veracruz porque son sus adversarios.. El caso es que involucrar a Cuitl\u00e1huac con Yunes en Palacio Nacional, lo ven como un &#8220;mal chiste&#8221;..<\/p>\n\n\n\n<p>Por ello, es que en Palacio Nacional ya perciben una campa\u00f1a desde Veracruz en contra de su director del Centro Nacional de Control del Gas Natural (CENEGAS), Cuitl\u00e1huac Garc\u00eda Jim\u00e9nez.. &#8220;Garganta Profunda&#8221; se\u00f1ala que en CDMX tienen la percepci\u00f3n que tambi\u00e9n es una campa\u00f1a financiada por un ente pol\u00edtico.. Ya que los se\u00f1alamientos pol\u00edticos y medi\u00e1ticos est\u00e1n a la orden del d\u00eda y siguen arreciando con todo.. Y eso es algo que no gust\u00f3 en Presidencia de la Rep\u00fablica porque le est\u00e1n &#8220;pegando&#8221; a uno de los suyos.. Se dice que fiel a su costumbre Sheinbaum busc\u00f3 di\u00e1logo, pero los ataques siguieron..<\/p>\n\n\n\n<p>Motivo por el cual, &#8220;Garganta Profunda&#8221; menciona que ante esta falta de &#8220;entendimiento&#8221; de algunos sectores en Veracruz.. Fue la misma Claudia Sheinbaum la que decidi\u00f3 hacer lo mismo que hac\u00eda su antecesor, Andr\u00e9s Manuel L\u00f3pez Obrador, cuando Cuitl\u00e1huac Garc\u00eda era &#8220;vapuleado&#8221;.. Que era el de &#8220;ARROPARLO&#8221; o levantarle la mano.. Y eso sucedi\u00f3 hace unos d\u00edas cuando la Presidenta fue a un evento especial del director de CENEGAS.. Ah\u00ed en el mismo, ella se tom\u00f3 una foto con \u00e9l y la mandataria estaba sonriente a su lado.. En pol\u00edtica, las coincidencias no existen y el &#8220;No te preocupes Cuitl\u00e1huac&#8221; tampoco.. AMEN..<\/p>\n\n\n\n<p>REFLEXI\u00d3N.. Cuando los mensajes son mandados de Palacio Nacional.. Y no son atendidos.. Siempre se pagan consecuencias tarde o temprano.. Si Cuitl\u00e1huac Garc\u00eda contin\u00faa en el gabinete federal es porque tiene la protecci\u00f3n de la Presidencia.. Su lealtad durante 6 a\u00f1os a L\u00f3pez Obrador y Claudia Sheinbaum, pudo ser su &#8220;pago de impunidad&#8221; que puede gozar en este momento hasta que termine, por lo menos, el actual sexenio.. Por algo es funcionario.. Los ataques en su contra desde Veracruz pueden provocar &#8220;fisuras&#8221;.. Por algo, ya Cuitl\u00e1huac, lo llaman: &#8220;La manzana de la discordia&#8221;.. EL QUE ENTENDI\u00d3, ENTENDI\u00d3..<\/p>\n","protected":false},"excerpt":{"rendered":"<p>Ricardo Chua Al mismo estilo del sexenio presidencial pasado.. Cuando el entonces gobernador de Veracruz Cuitl\u00e1huac Garc\u00eda Jim\u00e9nez, comet\u00eda un error o pif\u00eda en su gobierno en alg\u00fan tema pol\u00edtico y social.. Donde las redes sociales, sociedad o partidos de oposici\u00f3n, se lo &#8220;acababan&#8221; medi\u00e1ticamente por esa raz\u00f3n.. Siempre sal\u00eda Andr\u00e9s Manuel L\u00f3pez Obrador en [&hellip;]<\/p>\n","protected":false},"author":29,"featured_media":179659,"comment_status":"open","ping_status":"open","sticky":false,"template":"","format":"standard","meta":{"_monsterinsights_skip_tracking":false,"_monsterinsights_sitenote_active":false,"_monsterinsights_sitenote_note":"","_monsterinsights_sitenote_category":0,"footnotes":""},"categories":[245],"tags":[327],"class_list":["post-179658","post","type-post","status-publish","format-standard","has-post-thumbnail","hentry","category-dialogos-de-poder","tag-ricardo-chua","wp-image-borders"],"amp_enabled":true,"_links":{"self":[{"href":"https:\/\/nvnoticias.mx\/index.php\/wp-json\/wp\/v2\/posts\/179658","targetHints":{"allow":["GET"]}}],"collection":[{"href":"https:\/\/nvnoticias.mx\/index.php\/wp-json\/wp\/v2\/posts"}],"about":[{"href":"https:\/\/nvnoticias.mx\/index.php\/wp-json\/wp\/v2\/types\/post"}],"author":[{"embeddable":true,"href":"https:\/\/nvnoticias.mx\/index.php\/wp-json\/wp\/v2\/users\/29"}],"replies":[{"embeddable":true,"href":"https:\/\/nvnoticias.mx\/index.php\/wp-json\/wp\/v2\/comments?post=179658"}],"version-history":[{"count":1,"href":"https:\/\/nvnoticias.mx\/index.php\/wp-json\/wp\/v2\/posts\/179658\/revisions"}],"predecessor-version":[{"id":179660,"href":"https:\/\/nvnoticias.mx\/index.php\/wp-json\/wp\/v2\/posts\/179658\/revisions\/179660"}],"wp:featuredmedia":[{"embeddable":true,"href":"https:\/\/nvnoticias.mx\/index.php\/wp-json\/wp\/v2\/media\/179659"}],"wp:attachment":[{"href":"https:\/\/nvnoticias.mx\/index.php\/wp-json\/wp\/v2\/media?parent=179658"}],"wp:term":[{"taxonomy":"category","embeddable":true,"href":"https:\/\/nvnoticias.mx\/index.php\/wp-json\/wp\/v2\/categories?post=179658"},{"taxonomy":"post_tag","embeddable":true,"href":"https:\/\/nvnoticias.mx\/index.php\/wp-json\/wp\/v2\/tags?post=179658"}],"curies":[{"name":"wp","href":"https:\/\/api.w.org\/{rel}","templated":true}]}}