{"id":179522,"date":"2025-04-14T19:48:48","date_gmt":"2025-04-15T01:48:48","guid":{"rendered":"https:\/\/nvnoticias.mx\/?p=179522"},"modified":"2025-04-14T19:48:49","modified_gmt":"2025-04-15T01:48:49","slug":"avanza-investigacion-por-asesinato-de-lider-ganadero","status":"publish","type":"post","link":"https:\/\/nvnoticias.mx\/index.php\/2025\/04\/14\/avanza-investigacion-por-asesinato-de-lider-ganadero\/","title":{"rendered":"Avanza investigaci\u00f3n por asesinato de l\u00edder ganadero\u00a0"},"content":{"rendered":"\n<p><\/p>\n\n\n\n<p><strong>Sam Ojeda &#8211; NV Noticias<\/strong><\/p>\n\n\n\n<p>Xalapa.- La gobernadora de Veracruz, Roc\u00edo Nahle Garc\u00eda, inform\u00f3 que ya se tiene identificado al presunto responsable del asesinato del l\u00edder ganadero Rub\u00e9n Sagastume.<\/p>\n\n\n\n<p>El homicidio ocurri\u00f3 el fin de semana en el municipio de Tuxpan y la gobernadora se\u00f1al\u00f3 que se tienen varias de investigaci\u00f3n, entre estas una disputa por terrenos.&nbsp;<\/p>\n\n\n\n<blockquote class=\"wp-block-quote is-layout-flow wp-block-quote-is-layout-flow\">\n<p>\u201cNos inform\u00f3 la Fiscal\u00eda sobre este tema, hay varias l\u00edneas de investigaci\u00f3n, desde posibles disputas por terrenos hasta otras cosas, no quiero violar el proceso pero s\u00ed se tienen l\u00edneas, c\u00f3mo se dieron los hechos directamente en sus oficinas, hay testigos. Es un tema de posible disputa de terrenos\u201d, dijo.&nbsp;<\/p>\n<\/blockquote>\n\n\n\n<p>En ese sentido, indic\u00f3 que la Fiscal\u00eda General de Veracruz (FGE) ya trabaja en este tema.&nbsp;<\/p>\n\n\n\n<blockquote class=\"wp-block-quote is-layout-flow wp-block-quote-is-layout-flow\">\n<p><br>\u201c(Se tiene identificada) a la persona, fue una persona la que lleg\u00f3 ah\u00ed, est\u00e1n en eso (la aprehensi\u00f3n)\u201d, coment\u00f3.&nbsp;<\/p>\n<\/blockquote>\n\n\n\n<p>Hay que recordar que el homicidio del l\u00edder ganadero se registr\u00f3 en sus oficinas ubicadas en la sede de la Asociaci\u00f3n Ganadera Local ejidal de Tuxpan.<\/p>\n\n\n\n<p>La Gobernadora se\u00f1al\u00f3 que se tienen testigos del momento en que dispararon contra Cruz Sagastume, por lo que afirm\u00f3 que ya se tienen varias l\u00edneas de investigaci\u00f3n.<\/p>\n","protected":false},"excerpt":{"rendered":"<p>Sam Ojeda &#8211; NV Noticias Xalapa.- La gobernadora de Veracruz, Roc\u00edo Nahle Garc\u00eda, inform\u00f3 que ya se tiene identificado al presunto responsable del asesinato del l\u00edder ganadero Rub\u00e9n Sagastume. El homicidio ocurri\u00f3 el fin de semana en el municipio de Tuxpan y la gobernadora se\u00f1al\u00f3 que se tienen varias de investigaci\u00f3n, entre estas una disputa [&hellip;]<\/p>\n","protected":false},"author":6,"featured_media":179523,"comment_status":"open","ping_status":"open","sticky":false,"template":"","format":"standard","meta":{"_monsterinsights_skip_tracking":false,"_monsterinsights_sitenote_active":false,"_monsterinsights_sitenote_note":"","_monsterinsights_sitenote_category":0,"footnotes":""},"categories":[156],"tags":[1594],"class_list":["post-179522","post","type-post","status-publish","format-standard","has-post-thumbnail","hentry","category-estado","tag-rocio-nahle","wp-image-borders"],"amp_enabled":true,"_links":{"self":[{"href":"https:\/\/nvnoticias.mx\/index.php\/wp-json\/wp\/v2\/posts\/179522","targetHints":{"allow":["GET"]}}],"collection":[{"href":"https:\/\/nvnoticias.mx\/index.php\/wp-json\/wp\/v2\/posts"}],"about":[{"href":"https:\/\/nvnoticias.mx\/index.php\/wp-json\/wp\/v2\/types\/post"}],"author":[{"embeddable":true,"href":"https:\/\/nvnoticias.mx\/index.php\/wp-json\/wp\/v2\/users\/6"}],"replies":[{"embeddable":true,"href":"https:\/\/nvnoticias.mx\/index.php\/wp-json\/wp\/v2\/comments?post=179522"}],"version-history":[{"count":1,"href":"https:\/\/nvnoticias.mx\/index.php\/wp-json\/wp\/v2\/posts\/179522\/revisions"}],"predecessor-version":[{"id":179524,"href":"https:\/\/nvnoticias.mx\/index.php\/wp-json\/wp\/v2\/posts\/179522\/revisions\/179524"}],"wp:featuredmedia":[{"embeddable":true,"href":"https:\/\/nvnoticias.mx\/index.php\/wp-json\/wp\/v2\/media\/179523"}],"wp:attachment":[{"href":"https:\/\/nvnoticias.mx\/index.php\/wp-json\/wp\/v2\/media?parent=179522"}],"wp:term":[{"taxonomy":"category","embeddable":true,"href":"https:\/\/nvnoticias.mx\/index.php\/wp-json\/wp\/v2\/categories?post=179522"},{"taxonomy":"post_tag","embeddable":true,"href":"https:\/\/nvnoticias.mx\/index.php\/wp-json\/wp\/v2\/tags?post=179522"}],"curies":[{"name":"wp","href":"https:\/\/api.w.org\/{rel}","templated":true}]}}