{"id":17943,"date":"2021-07-06T21:11:49","date_gmt":"2021-07-07T02:11:49","guid":{"rendered":"https:\/\/nvnoticias.mx\/?p=17943"},"modified":"2021-07-06T21:11:50","modified_gmt":"2021-07-07T02:11:50","slug":"madres-de-ninos-con-cancer-denunciaron-por-el-desabasto-de-medicamentos-oncologicos","status":"publish","type":"post","link":"https:\/\/nvnoticias.mx\/index.php\/2021\/07\/06\/madres-de-ninos-con-cancer-denunciaron-por-el-desabasto-de-medicamentos-oncologicos\/","title":{"rendered":"Madres de ni\u00f1os con c\u00e1ncer denunciaron por el desabasto de medicamentos oncol\u00f3gicos"},"content":{"rendered":"\n<p><strong>Jes\u00fas Utrilla \/ NV Noticias<\/strong><\/p>\n\n\n\n<p>Madres de ni\u00f1os con c\u00e1ncer denunciaron en la Fiscal\u00eda General de la Rep\u00fablica en Veracruz por el desabasto de medicamentos oncol\u00f3gicos.<\/p>\n\n\n\n<p>Se trat\u00f3 de cinco denuncias contra quien resulte responsables por la falta de surtimiento de los f\u00e1rmacos.<\/p>\n\n\n\n<p>\u201cVenimos a levantar nuestra denuncia y a promover nuestros amparos, por segunda vez nosotros estamos buscando que el abastecimiento de nuestros medicamentos sea, lamentablemente todo lo que nosotros hicimos dec\u00edan que est\u00e1bamos mintiendo, por eso vengo ante las autoridades y la Fiscal\u00eda a presentar nuestra denuncia\u201d, se\u00f1al\u00f3 la vocera del Colectivo de Madres y Padres de Ni\u00f1os con C\u00e1ncer en Veracruz, Cora de Jes\u00fas Rodr\u00edguez.<\/p>\n\n\n\n<p>Las madres recordaron que se trata de un tema urgente pues de ah\u00ed depende la vida de los ni\u00f1os.<\/p>\n","protected":false},"excerpt":{"rendered":"<p>Jes\u00fas Utrilla \/ NV Noticias Madres de ni\u00f1os con c\u00e1ncer denunciaron en la Fiscal\u00eda General de la Rep\u00fablica en Veracruz por el desabasto de medicamentos oncol\u00f3gicos. Se trat\u00f3 de cinco denuncias contra quien resulte responsables por la falta de surtimiento de los f\u00e1rmacos. \u201cVenimos a levantar nuestra denuncia y a promover nuestros amparos, por segunda [&hellip;]<\/p>\n","protected":false},"author":7,"featured_media":17427,"comment_status":"open","ping_status":"open","sticky":false,"template":"","format":"standard","meta":{"_monsterinsights_skip_tracking":false,"_monsterinsights_sitenote_active":false,"_monsterinsights_sitenote_note":"","_monsterinsights_sitenote_category":0,"footnotes":""},"categories":[154],"tags":[1258,3971,4712,4864],"class_list":["post-17943","post","type-post","status-publish","format-standard","has-post-thumbnail","hentry","category-veracruz","tag-fiscalia-general-de-la-republica","tag-medicamentos","tag-ninos-con-cancer","tag-oncologicos","wp-image-borders"],"amp_enabled":true,"_links":{"self":[{"href":"https:\/\/nvnoticias.mx\/index.php\/wp-json\/wp\/v2\/posts\/17943","targetHints":{"allow":["GET"]}}],"collection":[{"href":"https:\/\/nvnoticias.mx\/index.php\/wp-json\/wp\/v2\/posts"}],"about":[{"href":"https:\/\/nvnoticias.mx\/index.php\/wp-json\/wp\/v2\/types\/post"}],"author":[{"embeddable":true,"href":"https:\/\/nvnoticias.mx\/index.php\/wp-json\/wp\/v2\/users\/7"}],"replies":[{"embeddable":true,"href":"https:\/\/nvnoticias.mx\/index.php\/wp-json\/wp\/v2\/comments?post=17943"}],"version-history":[{"count":1,"href":"https:\/\/nvnoticias.mx\/index.php\/wp-json\/wp\/v2\/posts\/17943\/revisions"}],"predecessor-version":[{"id":17944,"href":"https:\/\/nvnoticias.mx\/index.php\/wp-json\/wp\/v2\/posts\/17943\/revisions\/17944"}],"wp:featuredmedia":[{"embeddable":true,"href":"https:\/\/nvnoticias.mx\/index.php\/wp-json\/wp\/v2\/media\/17427"}],"wp:attachment":[{"href":"https:\/\/nvnoticias.mx\/index.php\/wp-json\/wp\/v2\/media?parent=17943"}],"wp:term":[{"taxonomy":"category","embeddable":true,"href":"https:\/\/nvnoticias.mx\/index.php\/wp-json\/wp\/v2\/categories?post=17943"},{"taxonomy":"post_tag","embeddable":true,"href":"https:\/\/nvnoticias.mx\/index.php\/wp-json\/wp\/v2\/tags?post=17943"}],"curies":[{"name":"wp","href":"https:\/\/api.w.org\/{rel}","templated":true}]}}