{"id":17926,"date":"2021-07-06T13:20:37","date_gmt":"2021-07-06T18:20:37","guid":{"rendered":"https:\/\/nvnoticias.mx\/?p=17926"},"modified":"2021-07-06T13:20:38","modified_gmt":"2021-07-06T18:20:38","slug":"se-manifiestan-en-boca-del-rio-exigen-reapertura-de-centro-de-salud","status":"publish","type":"post","link":"https:\/\/nvnoticias.mx\/index.php\/2021\/07\/06\/se-manifiestan-en-boca-del-rio-exigen-reapertura-de-centro-de-salud\/","title":{"rendered":"Se manifiestan en Boca del R\u00edo; exigen reapertura de centro de salud"},"content":{"rendered":"\n<p><strong>Jes\u00fas Utrilla<\/strong>&nbsp;<strong>| NV Noticias<\/strong>&nbsp;<\/p>\n\n\n\n<p>Veracruz. &#8211; Habitantes de la Colonia Luis&nbsp;Echeverr\u00eda, de&nbsp;Boca del R\u00edo, solicitaron la reapertura del anexo 5 del Centro de Salud.&nbsp;<\/p>\n\n\n\n<p>Dichas instalaciones se ubican en la calle L\u00f3pez Mateos esquina Yucat\u00e1n y supuestamente fueron cerradas de manera temporal para dar mantenimiento al inmueble, sin embargo, luego de a\u00f1o y medio no reabri\u00f3 sus puertas.&nbsp;&nbsp;<\/p>\n\n\n\n<p>Rosa Toledano, una de las inconformes, explic\u00f3 que ahora deben de trasladarse a la colonia Villa Rica para recibir consulta, sin embargo, deben de solicitar una cita m\u00e9dica que puede tardar varias horas o incluso d\u00edas.&nbsp;<\/p>\n\n\n\n<p>Record\u00f3 que el centro de salud tiene una antig\u00fcedad de 50 a\u00f1os y recurrentemente lo abren y cierran.&nbsp;<\/p>\n\n\n\n<p>Se daban consultas generales, vacunas, toma de glucosa y de presi\u00f3n, medicamento y servicios dentales y ten\u00eda un padr\u00f3n de alrededor de 4 mil pacientes.&nbsp;<\/p>\n\n\n\n<p>Dijo que los adultos mayores no pueden acudir al centro de salud en la colonia Villa Rica ya que carecen de recursos para el pago de taxis o enfrentan problemas f\u00edsicos de movilidad.&nbsp;&nbsp;<\/p>\n\n\n\n<blockquote class=\"wp-block-quote is-layout-flow wp-block-quote-is-layout-flow\"><p>\u201cAqu\u00ed nos atend\u00edan muy bien, pedimos que lo abran, aqu\u00ed hab\u00eda consultas en general, vacunas para los ni\u00f1os, toma de glucosa, toma de signos vitales, se les daba el medicamento, ahora tenemos que pagar taxi o no ir hasta el centro de salud en la Villa Rica, nos los vinieron a desvalijar y se llevaron cosas del centro de salud\u201d.\u00a0<\/p><\/blockquote>\n","protected":false},"excerpt":{"rendered":"<p>Jes\u00fas Utrilla&nbsp;| NV Noticias&nbsp; Veracruz. &#8211; Habitantes de la Colonia Luis&nbsp;Echeverr\u00eda, de&nbsp;Boca del R\u00edo, solicitaron la reapertura del anexo 5 del Centro de Salud.&nbsp; Dichas instalaciones se ubican en la calle L\u00f3pez Mateos esquina Yucat\u00e1n y supuestamente fueron cerradas de manera temporal para dar mantenimiento al inmueble, sin embargo, luego de a\u00f1o y medio no [&hellip;]<\/p>\n","protected":false},"author":6,"featured_media":17928,"comment_status":"open","ping_status":"open","sticky":false,"template":"","format":"standard","meta":{"_monsterinsights_skip_tracking":false,"_monsterinsights_sitenote_active":false,"_monsterinsights_sitenote_note":"","_monsterinsights_sitenote_category":0,"footnotes":""},"categories":[154],"tags":[423,4860,503],"class_list":["post-17926","post","type-post","status-publish","format-standard","has-post-thumbnail","hentry","category-veracruz","tag-boca-del-rio","tag-centro-de-salud","tag-manifestacion","wp-image-borders"],"amp_enabled":true,"_links":{"self":[{"href":"https:\/\/nvnoticias.mx\/index.php\/wp-json\/wp\/v2\/posts\/17926","targetHints":{"allow":["GET"]}}],"collection":[{"href":"https:\/\/nvnoticias.mx\/index.php\/wp-json\/wp\/v2\/posts"}],"about":[{"href":"https:\/\/nvnoticias.mx\/index.php\/wp-json\/wp\/v2\/types\/post"}],"author":[{"embeddable":true,"href":"https:\/\/nvnoticias.mx\/index.php\/wp-json\/wp\/v2\/users\/6"}],"replies":[{"embeddable":true,"href":"https:\/\/nvnoticias.mx\/index.php\/wp-json\/wp\/v2\/comments?post=17926"}],"version-history":[{"count":1,"href":"https:\/\/nvnoticias.mx\/index.php\/wp-json\/wp\/v2\/posts\/17926\/revisions"}],"predecessor-version":[{"id":17927,"href":"https:\/\/nvnoticias.mx\/index.php\/wp-json\/wp\/v2\/posts\/17926\/revisions\/17927"}],"wp:featuredmedia":[{"embeddable":true,"href":"https:\/\/nvnoticias.mx\/index.php\/wp-json\/wp\/v2\/media\/17928"}],"wp:attachment":[{"href":"https:\/\/nvnoticias.mx\/index.php\/wp-json\/wp\/v2\/media?parent=17926"}],"wp:term":[{"taxonomy":"category","embeddable":true,"href":"https:\/\/nvnoticias.mx\/index.php\/wp-json\/wp\/v2\/categories?post=17926"},{"taxonomy":"post_tag","embeddable":true,"href":"https:\/\/nvnoticias.mx\/index.php\/wp-json\/wp\/v2\/tags?post=17926"}],"curies":[{"name":"wp","href":"https:\/\/api.w.org\/{rel}","templated":true}]}}