{"id":178971,"date":"2025-04-09T13:33:32","date_gmt":"2025-04-09T19:33:32","guid":{"rendered":"https:\/\/nvnoticias.mx\/?p=178971"},"modified":"2025-04-09T13:33:36","modified_gmt":"2025-04-09T19:33:36","slug":"en-mexico-no-hay-desapariciones-de-estado-refuta-sheinbaum-a-onu","status":"publish","type":"post","link":"https:\/\/nvnoticias.mx\/index.php\/2025\/04\/09\/en-mexico-no-hay-desapariciones-de-estado-refuta-sheinbaum-a-onu\/","title":{"rendered":"En M\u00e9xico no hay desapariciones de Estado, refuta Sheinbaum a ONU"},"content":{"rendered":"\n<p>Ante la decisi\u00f3n del Comit\u00e9 de Desparici\u00f3n Forzada de la Organizaci\u00f3n de Naciones Unidas de abrir un expediente por la situaci\u00f3n preocupante del pa\u00eds en materia de desaparici\u00f3n de personas, por medio de la canciller\u00eda y de la Secretar\u00eda de Gobernaci\u00f3n se present\u00f3 una nota diplom\u00e1tica de inconformidad ante el organismo, inform\u00f3 la presidenta Claudia Sheinbaum.<\/p>\n\n\n\n<p>La mandataria rechaz\u00f3 la resoluci\u00f3n del organismo y dijo que la desaparici\u00f3n forzada (que as\u00ed se considera cuando es perpetrada por instituciones del Estado) no existe en M\u00e9xico.<\/p>\n\n\n\n<p>Subray\u00f3 que su movimiento ha luchado muchos a\u00f1os contra estas pr\u00e1cticas y que en el pa\u00eds \u201chay un fen\u00f3meno de desaparici\u00f3n vinculado con la delincuencia organizada, y estamos haciendo todo lo que est\u00e1 en nuestras manos para combatir y atender desde las v\u00edctimas hasta prevenir y acabar con este delito de \u2013principalmente, aunque no s\u00f3lo\u2013 la delincuencia organizada. Pero no es desaparici\u00f3n forzada perpetrada desde el Estado\u201d.<\/p>\n\n\n\n<p>Apunt\u00f3 que M\u00e9xico plasm\u00f3 su inconformidad contra la decisi\u00f3n mediante una nota diplom\u00e1tica pues, seg\u00fan aclar\u00f3, se les debe explicar el fen\u00f3meno que est\u00e1 ocurriendo en M\u00e9xico, porque hay mucho desconocimiento en esa comisi\u00f3n, much\u00edsimo.<\/p>\n\n\n\n<p>Por su parte, la secretaria de Gobernaci\u00f3n, Rosa Icela Rodr\u00edguez, anunci\u00f3 que continuar\u00e1n sus encuentros con los colectivos de familiares de personas desaparecidas. Admiti\u00f3 que este lunes hubo algunas expresiones de inconformidad de estas organizaciones por la actitud de algunos funcionarios de la dependencia, al considerar que hab\u00eda indolencia de su parte.<\/p>\n\n\n\n<p>Dijeron que en lugar de estar poniendo atenci\u00f3n a su exposici\u00f3n, estaban viendo el celular o volteando a otros lados. El compromiso que yo hice con ellos es de una llamada de atenci\u00f3n, fundamentalmente para los servidores p\u00fablicos de la Secretar\u00eda de Gobernaci\u00f3n, que deben hacer ese trabajo con diligencia, inter\u00e9s y, sobre todo, mostrando atenci\u00f3n a los planteamientos, quejas e intervenciones que se estaban teniendo ah\u00ed. Ese es el origen, explic\u00f3.<\/p>\n\n\n\n<p>Fuente: La <a href=\"https:\/\/www.jornada.com.mx\/noticia\/2025\/04\/09\/politica\/en-mexico-no-hay-desapariciones-de-estado-refuta-sheinbaum-a-onu\">Jornada<\/a><\/p>\n\n\n\n<p><br><\/p>\n\n\n\n<p><\/p>\n","protected":false},"excerpt":{"rendered":"<p>Ante la decisi\u00f3n del Comit\u00e9 de Desparici\u00f3n Forzada de la Organizaci\u00f3n de Naciones Unidas de abrir un expediente por la situaci\u00f3n preocupante del pa\u00eds en materia de desaparici\u00f3n de personas, por medio de la canciller\u00eda y de la Secretar\u00eda de Gobernaci\u00f3n se present\u00f3 una nota diplom\u00e1tica de inconformidad ante el organismo, inform\u00f3 la presidenta Claudia [&hellip;]<\/p>\n","protected":false},"author":35,"featured_media":178972,"comment_status":"open","ping_status":"open","sticky":false,"template":"","format":"standard","meta":{"_monsterinsights_skip_tracking":false,"_monsterinsights_sitenote_active":false,"_monsterinsights_sitenote_note":"","_monsterinsights_sitenote_category":0,"footnotes":""},"categories":[157],"tags":[2801,513],"class_list":["post-178971","post","type-post","status-publish","format-standard","has-post-thumbnail","hentry","category-nacional","tag-claudia-sheinbaum","tag-onu","wp-image-borders"],"amp_enabled":true,"_links":{"self":[{"href":"https:\/\/nvnoticias.mx\/index.php\/wp-json\/wp\/v2\/posts\/178971","targetHints":{"allow":["GET"]}}],"collection":[{"href":"https:\/\/nvnoticias.mx\/index.php\/wp-json\/wp\/v2\/posts"}],"about":[{"href":"https:\/\/nvnoticias.mx\/index.php\/wp-json\/wp\/v2\/types\/post"}],"author":[{"embeddable":true,"href":"https:\/\/nvnoticias.mx\/index.php\/wp-json\/wp\/v2\/users\/35"}],"replies":[{"embeddable":true,"href":"https:\/\/nvnoticias.mx\/index.php\/wp-json\/wp\/v2\/comments?post=178971"}],"version-history":[{"count":4,"href":"https:\/\/nvnoticias.mx\/index.php\/wp-json\/wp\/v2\/posts\/178971\/revisions"}],"predecessor-version":[{"id":178976,"href":"https:\/\/nvnoticias.mx\/index.php\/wp-json\/wp\/v2\/posts\/178971\/revisions\/178976"}],"wp:featuredmedia":[{"embeddable":true,"href":"https:\/\/nvnoticias.mx\/index.php\/wp-json\/wp\/v2\/media\/178972"}],"wp:attachment":[{"href":"https:\/\/nvnoticias.mx\/index.php\/wp-json\/wp\/v2\/media?parent=178971"}],"wp:term":[{"taxonomy":"category","embeddable":true,"href":"https:\/\/nvnoticias.mx\/index.php\/wp-json\/wp\/v2\/categories?post=178971"},{"taxonomy":"post_tag","embeddable":true,"href":"https:\/\/nvnoticias.mx\/index.php\/wp-json\/wp\/v2\/tags?post=178971"}],"curies":[{"name":"wp","href":"https:\/\/api.w.org\/{rel}","templated":true}]}}