{"id":178847,"date":"2025-04-08T12:35:47","date_gmt":"2025-04-08T18:35:47","guid":{"rendered":"https:\/\/nvnoticias.mx\/?p=178847"},"modified":"2025-04-08T12:35:59","modified_gmt":"2025-04-08T18:35:59","slug":"meryl-streep-y-martin-short-se-acurrucan-en-la-foto-del-set-de-only-murders-in-the-building","status":"publish","type":"post","link":"https:\/\/nvnoticias.mx\/index.php\/2025\/04\/08\/meryl-streep-y-martin-short-se-acurrucan-en-la-foto-del-set-de-only-murders-in-the-building\/","title":{"rendered":"Meryl Streep y Martin Short se acurrucan en la foto del set de \u2018Only Murders in the Building\u2019"},"content":{"rendered":"\n<p>La coprotagonista de Short,\u00a0<strong>Selena Gomez<\/strong>, acudi\u00f3 a\u00a0Instagram\u00a0el domingo 8 de abril para publicar una serie de fotos de recuerdos que incluyen su trabajo en su marca de belleza Rare Beauty y su tiempo en el set de la exitosa serie de Hulu. Una de las instant\u00e1neas mostraba una foto grupal con miembros del\u00a0<em>reparto de OMTIB<\/em>, el equipo y el prometido de Gomez,\u00a0<strong>Benny Blanco<\/strong>.<\/p>\n\n\n\n<p>Gomez, de 32 a\u00f1os, ten\u00eda sus brazos alrededor de Blanco, de 37 a\u00f1os, mientras posaba junto a Short, de 75 a\u00f1os, y\u00a0<strong>Steve Martin<\/strong>. Al otro lado de Short estaba Streep, de 75 a\u00f1os. Short ten\u00eda el brazo alrededor de ella mientras sonre\u00edan para la c\u00e1mara.<\/p>\n\n\n\n<p>\u201cAlgunos recuerdos&#8230; ????\u201d, subtitul\u00f3 Gomez la presentaci\u00f3n de diapositivas.<\/p>\n\n\n\n<p>Short ha protagonizado&nbsp;<em>OMITB<\/em>&nbsp;junto a Gomez y Martin, de 79 a\u00f1os, desde su primera temporada, que se estren\u00f3 en 2021. Streep&nbsp;<a href=\"https:\/\/www.usmagazine.com\/entertainment\/news\/martin-short-admits-he-was-nervous-to-work-with-meryl-streep\/\" rel=\"noreferrer noopener\" target=\"_blank\">se uni\u00f3 al programa<\/a>para la temporada 3, donde interpreta al inter\u00e9s amoroso de Short, Loretta Durkin.<\/p>\n\n\n\n<p>\u201cFue una de las grandes emociones de mi vida\u201d, dijo Short a&nbsp;<em>The Hollywood Reporter<\/em>&nbsp;en marzo de 2024 sobre trabajar con Streep. \u201cDe hecho, el primer d\u00eda de rodaje \u2014lo cual era raro porque no soy nuevo\u2014 estaba conduciendo al trabajo y pens\u00e9, \u2018Estoy nervioso hoy. Estoy trabajando con Meryl Streep\u2019\u201d.<\/p>\n\n\n\n<p><br>Desde que Streep se uni\u00f3 al elenco de\u00a0<em>OMITB<\/em>, ella y Short han sido vistos juntos varias veces. Las m\u00faltiples salidas de la pareja fuera del trabajo han despertado especulaciones de romance. Alimentaron a\u00fan m\u00e1s los rumores cuando fueron\u00a0fotografiados tomados de la mano\u00a0en la premiere de la temporada 4 de\u00a0<em>OMITB<\/em>\u00a0en agosto de 2024. Sin embargo, el d\u00fao ha mantenido que\u00a0su relaci\u00f3n es plat\u00f3nica.<\/p>\n\n\n\n<p><\/p>\n\n\n\n<p><\/p>\n","protected":false},"excerpt":{"rendered":"<p>La coprotagonista de Short,\u00a0Selena Gomez, acudi\u00f3 a\u00a0Instagram\u00a0el domingo 8 de abril para publicar una serie de fotos de recuerdos que incluyen su trabajo en su marca de belleza Rare Beauty y su tiempo en el set de la exitosa serie de Hulu. Una de las instant\u00e1neas mostraba una foto grupal con miembros del\u00a0reparto de OMTIB, [&hellip;]<\/p>\n","protected":false},"author":35,"featured_media":178848,"comment_status":"open","ping_status":"open","sticky":false,"template":"","format":"standard","meta":{"_monsterinsights_skip_tracking":false,"_monsterinsights_sitenote_active":false,"_monsterinsights_sitenote_note":"","_monsterinsights_sitenote_category":0,"footnotes":""},"categories":[576],"tags":[31770,22614,16614],"class_list":["post-178847","post","type-post","status-publish","format-standard","has-post-thumbnail","hentry","category-ocio","tag-martin-short","tag-meryl-streep","tag-only-murders-in-the-building","wp-image-borders"],"amp_enabled":true,"_links":{"self":[{"href":"https:\/\/nvnoticias.mx\/index.php\/wp-json\/wp\/v2\/posts\/178847","targetHints":{"allow":["GET"]}}],"collection":[{"href":"https:\/\/nvnoticias.mx\/index.php\/wp-json\/wp\/v2\/posts"}],"about":[{"href":"https:\/\/nvnoticias.mx\/index.php\/wp-json\/wp\/v2\/types\/post"}],"author":[{"embeddable":true,"href":"https:\/\/nvnoticias.mx\/index.php\/wp-json\/wp\/v2\/users\/35"}],"replies":[{"embeddable":true,"href":"https:\/\/nvnoticias.mx\/index.php\/wp-json\/wp\/v2\/comments?post=178847"}],"version-history":[{"count":3,"href":"https:\/\/nvnoticias.mx\/index.php\/wp-json\/wp\/v2\/posts\/178847\/revisions"}],"predecessor-version":[{"id":178851,"href":"https:\/\/nvnoticias.mx\/index.php\/wp-json\/wp\/v2\/posts\/178847\/revisions\/178851"}],"wp:featuredmedia":[{"embeddable":true,"href":"https:\/\/nvnoticias.mx\/index.php\/wp-json\/wp\/v2\/media\/178848"}],"wp:attachment":[{"href":"https:\/\/nvnoticias.mx\/index.php\/wp-json\/wp\/v2\/media?parent=178847"}],"wp:term":[{"taxonomy":"category","embeddable":true,"href":"https:\/\/nvnoticias.mx\/index.php\/wp-json\/wp\/v2\/categories?post=178847"},{"taxonomy":"post_tag","embeddable":true,"href":"https:\/\/nvnoticias.mx\/index.php\/wp-json\/wp\/v2\/tags?post=178847"}],"curies":[{"name":"wp","href":"https:\/\/api.w.org\/{rel}","templated":true}]}}