{"id":17869,"date":"2021-07-06T09:10:40","date_gmt":"2021-07-06T14:10:40","guid":{"rendered":"https:\/\/nvnoticias.mx\/?p=17869"},"modified":"2021-07-06T09:10:41","modified_gmt":"2021-07-06T14:10:41","slug":"vive-mexico-tercer-repunte-de-la-pandemia-de-covid","status":"publish","type":"post","link":"https:\/\/nvnoticias.mx\/index.php\/2021\/07\/06\/vive-mexico-tercer-repunte-de-la-pandemia-de-covid\/","title":{"rendered":"Vive M\u00e9xico tercer repunte de la pandemia de covid"},"content":{"rendered":"\n<p>Hugo L\u00f3pez-Gatell, subsecretario de Prevenci\u00f3n y Promoci\u00f3n de la Salud,&nbsp;alert\u00f3 que el pa\u00eds est\u00e1 pasando por un repunte de la pandemia de covid-19, el tercero en lo que va de la epidemia y el segundo del a\u00f1o.&nbsp;&nbsp;<\/p>\n\n\n\n<p>El funcionario coment\u00f3 que&nbsp;aun cuando existe este repunte, las defunciones no han crecido a la misma velocidad que los contagios, logrando as\u00ed reducir la mortalidad y casos graves, &#8220;porque las vacunas tienen ese efecto, aun cuando una persona contagiada, no presenta casos graves&#8221;.&nbsp;&nbsp;<\/p>\n\n\n\n<blockquote class=\"wp-block-quote is-layout-flow wp-block-quote-is-layout-flow\"><p>&#8220;Tenemos una situaci\u00f3n donde hay un repunte, tercer a lo largo de la epidemia, segundo en el a\u00f1o, pero afortunadamente y con una raz\u00f3n conocida, que es la vacunaci\u00f3n, no aumentan las defunciones a esa velocidad&#8221;, coment\u00f3 en conferencia de prensa del presidente Andr\u00e9s Manuel L\u00f3pez Obrador.&nbsp;&nbsp;<\/p><\/blockquote>\n\n\n\n<p>El funcionario se\u00f1al\u00f3 que la hospitalizaci\u00f3n por casos\u00a0covid\u00a0ha crecido con un alza en la ocupaci\u00f3n de las camas para pacientes con coronavirus, mientras que en algunos estados &#8220;se tienen repuntes muy importantes&#8221;.\u00a0\u00a0<\/p>\n\n\n\n<p>Fuente: <a href=\"https:\/\/www.milenio.com\/politica\/lopez-gatell-reconoce-tercer-repunte-pandemia-covid-19\">Milenio<\/a><\/p>\n","protected":false},"excerpt":{"rendered":"<p>Hugo L\u00f3pez-Gatell, subsecretario de Prevenci\u00f3n y Promoci\u00f3n de la Salud,&nbsp;alert\u00f3 que el pa\u00eds est\u00e1 pasando por un repunte de la pandemia de covid-19, el tercero en lo que va de la epidemia y el segundo del a\u00f1o.&nbsp;&nbsp; El funcionario coment\u00f3 que&nbsp;aun cuando existe este repunte, las defunciones no han crecido a la misma velocidad que [&hellip;]<\/p>\n","protected":false},"author":6,"featured_media":17871,"comment_status":"open","ping_status":"open","sticky":false,"template":"","format":"standard","meta":{"_monsterinsights_skip_tracking":false,"_monsterinsights_sitenote_active":false,"_monsterinsights_sitenote_note":"","_monsterinsights_sitenote_category":0,"footnotes":""},"categories":[157],"tags":[175,318,162,4845],"class_list":["post-17869","post","type-post","status-publish","format-standard","has-post-thumbnail","hentry","category-nacional","tag-covid-19","tag-pandemia","tag-portada","tag-repunte","wp-image-borders"],"amp_enabled":true,"_links":{"self":[{"href":"https:\/\/nvnoticias.mx\/index.php\/wp-json\/wp\/v2\/posts\/17869","targetHints":{"allow":["GET"]}}],"collection":[{"href":"https:\/\/nvnoticias.mx\/index.php\/wp-json\/wp\/v2\/posts"}],"about":[{"href":"https:\/\/nvnoticias.mx\/index.php\/wp-json\/wp\/v2\/types\/post"}],"author":[{"embeddable":true,"href":"https:\/\/nvnoticias.mx\/index.php\/wp-json\/wp\/v2\/users\/6"}],"replies":[{"embeddable":true,"href":"https:\/\/nvnoticias.mx\/index.php\/wp-json\/wp\/v2\/comments?post=17869"}],"version-history":[{"count":1,"href":"https:\/\/nvnoticias.mx\/index.php\/wp-json\/wp\/v2\/posts\/17869\/revisions"}],"predecessor-version":[{"id":17870,"href":"https:\/\/nvnoticias.mx\/index.php\/wp-json\/wp\/v2\/posts\/17869\/revisions\/17870"}],"wp:featuredmedia":[{"embeddable":true,"href":"https:\/\/nvnoticias.mx\/index.php\/wp-json\/wp\/v2\/media\/17871"}],"wp:attachment":[{"href":"https:\/\/nvnoticias.mx\/index.php\/wp-json\/wp\/v2\/media?parent=17869"}],"wp:term":[{"taxonomy":"category","embeddable":true,"href":"https:\/\/nvnoticias.mx\/index.php\/wp-json\/wp\/v2\/categories?post=17869"},{"taxonomy":"post_tag","embeddable":true,"href":"https:\/\/nvnoticias.mx\/index.php\/wp-json\/wp\/v2\/tags?post=17869"}],"curies":[{"name":"wp","href":"https:\/\/api.w.org\/{rel}","templated":true}]}}