{"id":178667,"date":"2025-04-07T12:47:02","date_gmt":"2025-04-07T18:47:02","guid":{"rendered":"https:\/\/nvnoticias.mx\/?p=178667"},"modified":"2025-04-07T12:47:04","modified_gmt":"2025-04-07T18:47:04","slug":"presenta-sheinbaum-festival-mexico-canta","status":"publish","type":"post","link":"https:\/\/nvnoticias.mx\/index.php\/2025\/04\/07\/presenta-sheinbaum-festival-mexico-canta\/","title":{"rendered":"Presenta Sheinbaum festival &#8216;M\u00e9xico Canta&#8217;"},"content":{"rendered":"\n<p>La presidenta Claudia Sheinbaum Pardo anunci\u00f3 el gran festival&nbsp;<em>M\u00e9xico Canta<\/em>, con el que se pretende promover la m\u00fasica regional mexicana con contenidos que no hagan apolog\u00eda de la violencia o las drogas.<\/p>\n\n\n\n<p>Se tratar\u00e1 de un concurso para encontrar a j\u00f3venes compositores e interpretes,&nbsp;&nbsp;de 18 a 34 a\u00f1os de edad, de m\u00fasica mexicana tanto en M\u00e9xico como en Estados Unidos, a fin de profesionalizar y promover la cultura de la paz y contra las adicciones.<\/p>\n\n\n\n<p>Este festival \u2014que se recuperar\u00e1 el talento de cantautores y m\u00fasicos de origen mexicano tanto en nuestro pa\u00eds como en Estados Unidos\u2014, se present\u00f3 esta ma\u00f1ana en la conferencia de la mandataria en Palacio Nacional, y se da tras la pol\u00e9mica generada porque en recientes presentaciones de \u201cLos Alegres del Barranco\u201d \u2014banda de regional\u2014 tocaron una pieza dedicada al l\u00edder del C\u00e1rtel Jalisco Nueva Generaci\u00f3n (CJNG), Nemesio Oceguera, \u201cEl Mencho\u201d.<\/p>\n\n\n\n<p>La titular de la Secretar\u00eda de Cultura, Claudia Curiel de Icaza, destac\u00f3 la importancia de la m\u00fasica de nuestro pa\u00eds, la cual genera globalmente 2 billones de d\u00f3lares, de los cuales se quedan en M\u00e9xico 500 millones de d\u00f3lares.<\/p>\n\n\n\n<p>Las inscripciones se realizar\u00e1n a trav\u00e9s de la plataforma&nbsp;<a target=\"_blank\" rel=\"noreferrer noopener\" href=\"http:\/\/mexicocanta.gob.mx\/\">mexicocanta.gob.mx<\/a>&nbsp;del 28 de abril al 30 del mayo de este a\u00f1o.<\/p>\n\n\n\n<p>\u201cEs parte de nuestra gran campa\u00f1a por la paz y contra las adicciones\u201d, se\u00f1al\u00f3 Sheinbaum Pardo<\/p>\n\n\n\n<p>Adem\u00e1s de promover la m\u00fasica sin contenidos que hagan apolog\u00eda a la violencia o l\u00edderes de grupos criminales, la jefa del Ejecutivo plante\u00f3 que esta fiesta tambi\u00e9n busca que, dentro del Plan M\u00e9xico \u2014para atraer inversiones\u2014, se pueda traer a M\u00e9xico parte de la industria creativa que hay en Estados Unidos, \u201cpara promover esta actividad, que a veces parece que es muy peque\u00f1a, pero es muy grande y genera much\u00edsimos empleos\u201d.<\/p>\n\n\n\n<p>La secretaria de Cultura detall\u00f3 que la final de este concurso, cuyas eliminatorias se dar\u00e1n cada domingo, se realizar\u00e1 en Durango el 5 de octubre.<\/p>\n\n\n\n<p>Indic\u00f3 que M\u00e9xico es el n\u00famero diez en el mercado global de la industria musical y el n\u00famero ocho en consumo digital; sin embargo, &#8220;m\u00e1s de 70 por ciento de m\u00fasica latina son corridos y muchos de ellos son apolog\u00eda de la violencia\u201d.<\/p>\n\n\n\n<p>La funcionaria refiri\u00f3 que no se trata de prohibir o censurar, sino de promover el que en la m\u00fasica se hable y toquen muchas otras cosas.<\/p>\n\n\n\n<p>La idea es que se fortalezcan y preserven g\u00e9neros como en mariachi, el norte\u00f1o, la banda, el corrido, el tropical, el duranguense, el bolero y muchos otros, ademas que se tenga fusiones con g\u00e9neros como el rap y el hip-hop.<\/p>\n\n\n\n<p>Acompa\u00f1aron el anuncio hecho por la presidenta representantes de la industria musical a escala global.<\/p>\n\n\n\n<p>Fuente: La <a href=\"https:\/\/www.jornada.com.mx\/noticia\/2025\/04\/07\/cultura\/presenta-sheinbaum-festival-mexico-canta-y-encanta\">Jornada<\/a><\/p>\n\n\n\n<p><\/p>\n\n\n\n<p><\/p>\n\n\n\n<p><\/p>\n","protected":false},"excerpt":{"rendered":"<p>La presidenta Claudia Sheinbaum Pardo anunci\u00f3 el gran festival&nbsp;M\u00e9xico Canta, con el que se pretende promover la m\u00fasica regional mexicana con contenidos que no hagan apolog\u00eda de la violencia o las drogas. Se tratar\u00e1 de un concurso para encontrar a j\u00f3venes compositores e interpretes,&nbsp;&nbsp;de 18 a 34 a\u00f1os de edad, de m\u00fasica mexicana tanto en [&hellip;]<\/p>\n","protected":false},"author":35,"featured_media":178668,"comment_status":"open","ping_status":"open","sticky":false,"template":"","format":"standard","meta":{"_monsterinsights_skip_tracking":false,"_monsterinsights_sitenote_active":false,"_monsterinsights_sitenote_note":"","_monsterinsights_sitenote_category":0,"footnotes":""},"categories":[157],"tags":[2801,31792],"class_list":["post-178667","post","type-post","status-publish","format-standard","has-post-thumbnail","hentry","category-nacional","tag-claudia-sheinbaum","tag-mexico-canta","wp-image-borders"],"amp_enabled":true,"_links":{"self":[{"href":"https:\/\/nvnoticias.mx\/index.php\/wp-json\/wp\/v2\/posts\/178667","targetHints":{"allow":["GET"]}}],"collection":[{"href":"https:\/\/nvnoticias.mx\/index.php\/wp-json\/wp\/v2\/posts"}],"about":[{"href":"https:\/\/nvnoticias.mx\/index.php\/wp-json\/wp\/v2\/types\/post"}],"author":[{"embeddable":true,"href":"https:\/\/nvnoticias.mx\/index.php\/wp-json\/wp\/v2\/users\/35"}],"replies":[{"embeddable":true,"href":"https:\/\/nvnoticias.mx\/index.php\/wp-json\/wp\/v2\/comments?post=178667"}],"version-history":[{"count":4,"href":"https:\/\/nvnoticias.mx\/index.php\/wp-json\/wp\/v2\/posts\/178667\/revisions"}],"predecessor-version":[{"id":178672,"href":"https:\/\/nvnoticias.mx\/index.php\/wp-json\/wp\/v2\/posts\/178667\/revisions\/178672"}],"wp:featuredmedia":[{"embeddable":true,"href":"https:\/\/nvnoticias.mx\/index.php\/wp-json\/wp\/v2\/media\/178668"}],"wp:attachment":[{"href":"https:\/\/nvnoticias.mx\/index.php\/wp-json\/wp\/v2\/media?parent=178667"}],"wp:term":[{"taxonomy":"category","embeddable":true,"href":"https:\/\/nvnoticias.mx\/index.php\/wp-json\/wp\/v2\/categories?post=178667"},{"taxonomy":"post_tag","embeddable":true,"href":"https:\/\/nvnoticias.mx\/index.php\/wp-json\/wp\/v2\/tags?post=178667"}],"curies":[{"name":"wp","href":"https:\/\/api.w.org\/{rel}","templated":true}]}}