{"id":178636,"date":"2025-04-07T08:44:16","date_gmt":"2025-04-07T14:44:16","guid":{"rendered":"https:\/\/nvnoticias.mx\/?p=178636"},"modified":"2025-04-07T08:44:18","modified_gmt":"2025-04-07T14:44:18","slug":"crece-violencia-en-las-escuelas","status":"publish","type":"post","link":"https:\/\/nvnoticias.mx\/index.php\/2025\/04\/07\/crece-violencia-en-las-escuelas\/","title":{"rendered":"Crece violencia en las escuelas"},"content":{"rendered":"\n<p><\/p>\n\n\n\n<figure class=\"wp-block-pullquote\"><blockquote><p><strong>Edgard Gonz\u00e1lez Su\u00e1rez<\/strong><\/p><\/blockquote><\/figure>\n\n\n\n<p>Desde hace ya por lo menos diez a\u00f1os, el&nbsp;Consejo Nacional para Prevenir la Discriminaci\u00f3n (CONAPRED), defini\u00f3 que el acoso escolar es una de las expresiones estructurales de discriminaci\u00f3n y violencia que viven las ni\u00f1as, ni\u00f1os y adolescentes en nuestro pa\u00eds.<\/p>\n\n\n\n<p>La violencia en las escuelas de M\u00e9xico es un problema, cada d\u00eda m\u00e1s visible y evidente, ya que afecta a estudiantes de diversas edades. Seg\u00fan datos recientes, el acoso escolar es una de las formas m\u00e1s comunes de violencia, y aproximadamente el 28% de los adolescentes entre 12 y 17 a\u00f1os han reportado ser v\u00edctimas de este tipo de agresi\u00f3n en el \u00faltimo a\u00f1o. Adem\u00e1s, la violencia f\u00edsica tambi\u00e9n es significativa, con miles de casos reportados anualmente.<\/p>\n\n\n\n<p>Los estados de la rep\u00fablica que m\u00e1s afectaci\u00f3n presentan son: El Estado de M\u00e9xico: que altos \u00edndices de acoso escolar y violencia f\u00edsica en las escuelas. Sinaloa: envuelta en la vor\u00e1gine m\u00e1s violenta de los \u00faltimos 50 a\u00f1os, la inseguridad social ha llegado a las instituciones, principalmente a las escuelas, que ahora es la sexta vez que cierran las escuelas en los \u00faltimos 4 meses. Chiapas: En este estado, la violencia se centra en las zonas marginadas y rurales, y la violencia tiene implicaciones de confrontaciones hist\u00f3ricas, religiosas, ideol\u00f3gicas y econ\u00f3micas. Guerrero: La violencia en las monta\u00f1as, ciudades, carreteras y comunidades rurales ha afectado sintom\u00e1ticamente a las escuelas. Michoac\u00e1n: Aqu\u00ed la convivencia social enfrenta altos \u00edndices de inseguridad y violencia y las escuelas no han escapado a esta situaci\u00f3n. Veracruz, se encuentra entre los nueve estados m\u00e1s afectados por acoso escolar en M\u00e9xico. Seg\u00fan datos de la Secretar\u00eda de Educaci\u00f3n de Veracruz (SEV), el 63% de los casos de acoso escolar en la entidad ocurren en escuelas primarias, lo que lo convierte en un problema significativo. Adem\u00e1s, el acoso escolar en Veracruz ha sido un problema persistente antes de la pandemia de COVID-19, y ahora, en la post pandemia se han incrementado las formas del llamado acoso cibern\u00e9tico.<\/p>\n\n\n\n<p>Los actos de violencia no solo parecen incrementarse sino ahora son m\u00e1s p\u00fablicos v\u00eda las redes sociales. Alumnos contra alumno, Padres de familia contra alumnos y\/o maestros, maestros contra alumnos, y en ning\u00fan caso las autoridades educativas parecen intervenir.<\/p>\n\n\n\n<p>En d\u00edas recientes la&nbsp;violencia escolar&nbsp;volvi\u00f3 a ser noticia local y nacional en Veracruz.&nbsp;Tres peleas protagonizadas por estudiantes de secundaria&nbsp;se difundieron esta semana en redes sociales. Los incidentes, ocurrieron en&nbsp;Yanga, Misantla y Tlalixcoyan, no s\u00f3lo involucran agresiones f\u00edsicas entre menores, sino qu\u00e9 en uno de los casos, en Tlalixcoyan,&nbsp;una madre de familia lleg\u00f3 a golpear a una estudiante, elevando a\u00fan m\u00e1s la tensi\u00f3n sobre la creciente normalizaci\u00f3n de la violencia en espacios que tendr\u00edan que ser seguros.<\/p>\n\n\n\n<p>En Yanga, un&nbsp;video&nbsp;se viraliz\u00f3 al captar el momento en que&nbsp;dos alumnas golpean brutalmente a otra compa\u00f1era. Las agresoras tiran del cabello, patean y golpean repetidamente a la menor, mientras otros estudiantes rodean la escena sin intervenir. En lugar de detener la pelea, los presentes decidieron grabar el ataque con sus celulares, y en algunos casos incluso&nbsp;alentaron la violencia.<\/p>\n\n\n\n<p>En&nbsp;Misantla, frente a las instalaciones de su&nbsp;telesecundaria varios alumnos se enfrentaron f\u00edsicamente&nbsp;en la v\u00eda p\u00fablica. La pelea no se detuvo hasta que una maestra sali\u00f3 del plantel y logr\u00f3 separar a los involucrados.<\/p>\n\n\n\n<p>&nbsp;El acoso escolar es una de las actitudes de violencia m\u00e1s normalizadas en las instituciones educativas p\u00fablicas y privadas. Este tipo de violencia no es un juego, es un conflicto complejo y no solo un problema de convivencia entre ni\u00f1as, ni\u00f1os adolescentes y personas j\u00f3venes. Puede contener actitudes y pr\u00e1cticas discriminatorias cuando se basa en las relaciones de poder y sometimiento en contra de infancias y juventudes cuyas identidades pertenecen a grupos hist\u00f3ricamente discriminados.<\/p>\n\n\n\n<p>El tema da para un seminario y para varias investigaciones, pero parece que la falta de pol\u00edticas educativas eficientes y adoptadas en todas las escuelas, las enormes desigualdades econ\u00f3micas y culturales dentro de las ciudades y en las distintas regiones del pa\u00eds, as\u00ed como<strong>, <\/strong>la llamada cultura de la normalizaci\u00f3n de la violencia, donde la violencia es algo \u201cnormal\u201d ya que no hay autoridad que sepa como intervenir genera la idea de que la violencia no se puede superar o erradicar. Han creado la oportunidad perfecta para ver como crece cada d\u00eda m\u00e1s la violencia dentro de las escuelas.<\/p>\n","protected":false},"excerpt":{"rendered":"<p>Edgard Gonz\u00e1lez Su\u00e1rez Desde hace ya por lo menos diez a\u00f1os, el&nbsp;Consejo Nacional para Prevenir la Discriminaci\u00f3n (CONAPRED), defini\u00f3 que el acoso escolar es una de las expresiones estructurales de discriminaci\u00f3n y violencia que viven las ni\u00f1as, ni\u00f1os y adolescentes en nuestro pa\u00eds. La violencia en las escuelas de M\u00e9xico es un problema, cada d\u00eda [&hellip;]<\/p>\n","protected":false},"author":26,"featured_media":178637,"comment_status":"open","ping_status":"open","sticky":false,"template":"","format":"standard","meta":{"_monsterinsights_skip_tracking":false,"_monsterinsights_sitenote_active":false,"_monsterinsights_sitenote_note":"","_monsterinsights_sitenote_category":0,"footnotes":""},"categories":[242],"tags":[702],"class_list":["post-178636","post","type-post","status-publish","format-standard","has-post-thumbnail","hentry","category-macroscopio","tag-edgard-gonzalez-suarez","wp-image-borders"],"amp_enabled":true,"_links":{"self":[{"href":"https:\/\/nvnoticias.mx\/index.php\/wp-json\/wp\/v2\/posts\/178636","targetHints":{"allow":["GET"]}}],"collection":[{"href":"https:\/\/nvnoticias.mx\/index.php\/wp-json\/wp\/v2\/posts"}],"about":[{"href":"https:\/\/nvnoticias.mx\/index.php\/wp-json\/wp\/v2\/types\/post"}],"author":[{"embeddable":true,"href":"https:\/\/nvnoticias.mx\/index.php\/wp-json\/wp\/v2\/users\/26"}],"replies":[{"embeddable":true,"href":"https:\/\/nvnoticias.mx\/index.php\/wp-json\/wp\/v2\/comments?post=178636"}],"version-history":[{"count":1,"href":"https:\/\/nvnoticias.mx\/index.php\/wp-json\/wp\/v2\/posts\/178636\/revisions"}],"predecessor-version":[{"id":178638,"href":"https:\/\/nvnoticias.mx\/index.php\/wp-json\/wp\/v2\/posts\/178636\/revisions\/178638"}],"wp:featuredmedia":[{"embeddable":true,"href":"https:\/\/nvnoticias.mx\/index.php\/wp-json\/wp\/v2\/media\/178637"}],"wp:attachment":[{"href":"https:\/\/nvnoticias.mx\/index.php\/wp-json\/wp\/v2\/media?parent=178636"}],"wp:term":[{"taxonomy":"category","embeddable":true,"href":"https:\/\/nvnoticias.mx\/index.php\/wp-json\/wp\/v2\/categories?post=178636"},{"taxonomy":"post_tag","embeddable":true,"href":"https:\/\/nvnoticias.mx\/index.php\/wp-json\/wp\/v2\/tags?post=178636"}],"curies":[{"name":"wp","href":"https:\/\/api.w.org\/{rel}","templated":true}]}}