{"id":17844,"date":"2021-07-05T15:40:55","date_gmt":"2021-07-05T20:40:55","guid":{"rendered":"https:\/\/nvnoticias.mx\/?p=17844"},"modified":"2021-07-06T00:28:51","modified_gmt":"2021-07-06T05:28:51","slug":"ingresan-a-luis-cardenas-al-penal-del-altiplano","status":"publish","type":"post","link":"https:\/\/nvnoticias.mx\/index.php\/2021\/07\/05\/ingresan-a-luis-cardenas-al-penal-del-altiplano\/","title":{"rendered":"Ingresan a Luis C\u00e1rdenas al penal del Altiplano"},"content":{"rendered":"\n<p>Tras ser detenido la madrugada de este lunes, el exmando de la Polic\u00eda Federal,&nbsp;Luis C\u00e1rdenas Palomino, fue ingresado al penal federal del Altiplano, en el Estado de M\u00e9xico, informaron fuentes federales.<\/p>\n\n\n\n<p>Esta madrugada, elementos de la Fiscal\u00eda General de la Rep\u00fablica (FGR), con apoyo de la Marina y de la Coordinaci\u00f3n Nacional Antisecuestro (Conase), cumplimentaron una orden de aprehensi\u00f3n contra el extitular de la Divisi\u00f3n de Seguridad Regional de la extinta Polic\u00eda Federal por el delito de tortura.<\/p>\n\n\n\n<p>Derivado de trabajos de investigaci\u00f3n, coordinados por la Fiscal\u00eda Especial para la Investigaci\u00f3n del Delito de Tortura, de la FGR, C\u00e1rdenas Palomino, acusado de tortura en agravio de Mario Vallarta, hermano del preso l\u00edder de la banda de secuestradores \u201cLos Zodiaco\u201d, Israel Vallarta, fue ubicado en un inmueble en Naucalpan, Estado de M\u00e9xico.<\/p>\n\n\n\n<p>En el lugar, los agentes ejecutaron una orden de cateo en la que se detuvo a dicho individuo. Ambas diligencias fueron otorgadas por la autoridad jurisdiccional correspondiente, precis\u00f3 la FGR.<\/p>\n\n\n\n<p>Indic\u00f3 que al exmando policial se le relaciona con probables hechos de tortura ocurridos en 2012, en contra de presuntos secuestradores.<\/p>\n\n\n\n<p>Fuente: El Universal<\/p>\n","protected":false},"excerpt":{"rendered":"<p>Tras ser detenido la madrugada de este lunes, el exmando de la Polic\u00eda Federal,&nbsp;Luis C\u00e1rdenas Palomino, fue ingresado al penal federal del Altiplano, en el Estado de M\u00e9xico, informaron fuentes federales. Esta madrugada, elementos de la Fiscal\u00eda General de la Rep\u00fablica (FGR), con apoyo de la Marina y de la Coordinaci\u00f3n Nacional Antisecuestro (Conase), cumplimentaron [&hellip;]<\/p>\n","protected":false},"author":6,"featured_media":17846,"comment_status":"open","ping_status":"open","sticky":false,"template":"","format":"standard","meta":{"_monsterinsights_skip_tracking":false,"_monsterinsights_sitenote_active":false,"_monsterinsights_sitenote_note":"","_monsterinsights_sitenote_category":0,"footnotes":""},"categories":[158],"tags":[4840,4841,4839,519,3773],"class_list":["post-17844","post","type-post","status-publish","format-standard","has-post-thumbnail","hentry","category-politica","tag-altiplano","tag-exmando","tag-luis-cardenas","tag-penal","tag-policia-2","wp-image-borders"],"amp_enabled":true,"_links":{"self":[{"href":"https:\/\/nvnoticias.mx\/index.php\/wp-json\/wp\/v2\/posts\/17844","targetHints":{"allow":["GET"]}}],"collection":[{"href":"https:\/\/nvnoticias.mx\/index.php\/wp-json\/wp\/v2\/posts"}],"about":[{"href":"https:\/\/nvnoticias.mx\/index.php\/wp-json\/wp\/v2\/types\/post"}],"author":[{"embeddable":true,"href":"https:\/\/nvnoticias.mx\/index.php\/wp-json\/wp\/v2\/users\/6"}],"replies":[{"embeddable":true,"href":"https:\/\/nvnoticias.mx\/index.php\/wp-json\/wp\/v2\/comments?post=17844"}],"version-history":[{"count":3,"href":"https:\/\/nvnoticias.mx\/index.php\/wp-json\/wp\/v2\/posts\/17844\/revisions"}],"predecessor-version":[{"id":17854,"href":"https:\/\/nvnoticias.mx\/index.php\/wp-json\/wp\/v2\/posts\/17844\/revisions\/17854"}],"wp:featuredmedia":[{"embeddable":true,"href":"https:\/\/nvnoticias.mx\/index.php\/wp-json\/wp\/v2\/media\/17846"}],"wp:attachment":[{"href":"https:\/\/nvnoticias.mx\/index.php\/wp-json\/wp\/v2\/media?parent=17844"}],"wp:term":[{"taxonomy":"category","embeddable":true,"href":"https:\/\/nvnoticias.mx\/index.php\/wp-json\/wp\/v2\/categories?post=17844"},{"taxonomy":"post_tag","embeddable":true,"href":"https:\/\/nvnoticias.mx\/index.php\/wp-json\/wp\/v2\/tags?post=17844"}],"curies":[{"name":"wp","href":"https:\/\/api.w.org\/{rel}","templated":true}]}}