{"id":178424,"date":"2025-04-04T11:12:01","date_gmt":"2025-04-04T17:12:01","guid":{"rendered":"https:\/\/nvnoticias.mx\/?p=178424"},"modified":"2025-04-04T11:12:03","modified_gmt":"2025-04-04T17:12:03","slug":"maestros-del-sitem-protestan-en-centro-de-xalapa","status":"publish","type":"post","link":"https:\/\/nvnoticias.mx\/index.php\/2025\/04\/04\/maestros-del-sitem-protestan-en-centro-de-xalapa\/","title":{"rendered":"Maestros del SITEM protestan en centro de Xalapa"},"content":{"rendered":"\n<p><\/p>\n\n\n\n<p><strong>Sam Ojeda \/ NV Noticias<\/strong><\/p>\n\n\n\n<p>Xalapa.- El secretario general del Sindicato Independiente de Trabajadores de la Educaci\u00f3n de M\u00e9xico (SITEM) Secci\u00f3n Veracruz, Ger\u00f3nimo Gabriel Polo Navarro, acus\u00f3 que no han sido atendidos en sus denuncias por acoso laboral.<\/p>\n\n\n\n<p>Ante ello se manifestaron en la plaza Sebasti\u00e1n Lerdo de Tejada para denunciar casos de acoso laboral, maltrato y abuso de poder al interior de la Direcci\u00f3n General de Escuelas Secundarias.<\/p>\n\n\n\n<p>Dijo que tras 40 d\u00edas de haber tomado las oficinas del Sector 05 de Educaci\u00f3n Secundaria T\u00e9cnica en el puerto de Veracruz, decidieron manifestarse en Xalapa para exigir atenci\u00f3n a sus demandas.<\/p>\n\n\n\n<p>Se\u00f1al\u00f3 que hay docentes que son acosados laboralmente y se les quieren fincar se\u00f1alamientos para lograr que sean dados de baja, y que se trata de actitudes de mandos medios al interior de la Secretar\u00eda de Educaci\u00f3n de Veracruz (SEV).<\/p>\n\n\n\n<p>\u201cHay tropel\u00edas de los mandos medios al interior de la Secretar\u00eda de Educaci\u00f3n de Veracruz y la falta de atenci\u00f3n a tr\u00e1mites. Hay acoso laboral, abuso de poder, usurpaci\u00f3n de funciones\u201d.<\/p>\n\n\n\n<p>Coment\u00f3 que durante la toma de las oficinas en el puerto de Veracruz reportaron la presencia de personas desconocidas que llegaban a tomar fotograf\u00edas y videos a quienes protestaban para intimidarlos.<\/p>\n\n\n\n<p>A esto se suma que dijo hay plazas que est\u00e1n siendo manejadas de manera arbitraria por parte de alguna otra organizaci\u00f3n sindical.<br><\/p>\n","protected":false},"excerpt":{"rendered":"<p>Sam Ojeda \/ NV Noticias Xalapa.- El secretario general del Sindicato Independiente de Trabajadores de la Educaci\u00f3n de M\u00e9xico (SITEM) Secci\u00f3n Veracruz, Ger\u00f3nimo Gabriel Polo Navarro, acus\u00f3 que no han sido atendidos en sus denuncias por acoso laboral. Ante ello se manifestaron en la plaza Sebasti\u00e1n Lerdo de Tejada para denunciar casos de acoso laboral, [&hellip;]<\/p>\n","protected":false},"author":8,"featured_media":178425,"comment_status":"open","ping_status":"open","sticky":false,"template":"","format":"standard","meta":{"_monsterinsights_skip_tracking":false,"_monsterinsights_sitenote_active":false,"_monsterinsights_sitenote_note":"","_monsterinsights_sitenote_category":0,"footnotes":""},"categories":[156],"tags":[635,503,13101],"class_list":["post-178424","post","type-post","status-publish","format-standard","has-post-thumbnail","hentry","category-estado","tag-maestros","tag-manifestacion","tag-sitem","wp-image-borders"],"amp_enabled":true,"_links":{"self":[{"href":"https:\/\/nvnoticias.mx\/index.php\/wp-json\/wp\/v2\/posts\/178424","targetHints":{"allow":["GET"]}}],"collection":[{"href":"https:\/\/nvnoticias.mx\/index.php\/wp-json\/wp\/v2\/posts"}],"about":[{"href":"https:\/\/nvnoticias.mx\/index.php\/wp-json\/wp\/v2\/types\/post"}],"author":[{"embeddable":true,"href":"https:\/\/nvnoticias.mx\/index.php\/wp-json\/wp\/v2\/users\/8"}],"replies":[{"embeddable":true,"href":"https:\/\/nvnoticias.mx\/index.php\/wp-json\/wp\/v2\/comments?post=178424"}],"version-history":[{"count":1,"href":"https:\/\/nvnoticias.mx\/index.php\/wp-json\/wp\/v2\/posts\/178424\/revisions"}],"predecessor-version":[{"id":178426,"href":"https:\/\/nvnoticias.mx\/index.php\/wp-json\/wp\/v2\/posts\/178424\/revisions\/178426"}],"wp:featuredmedia":[{"embeddable":true,"href":"https:\/\/nvnoticias.mx\/index.php\/wp-json\/wp\/v2\/media\/178425"}],"wp:attachment":[{"href":"https:\/\/nvnoticias.mx\/index.php\/wp-json\/wp\/v2\/media?parent=178424"}],"wp:term":[{"taxonomy":"category","embeddable":true,"href":"https:\/\/nvnoticias.mx\/index.php\/wp-json\/wp\/v2\/categories?post=178424"},{"taxonomy":"post_tag","embeddable":true,"href":"https:\/\/nvnoticias.mx\/index.php\/wp-json\/wp\/v2\/tags?post=178424"}],"curies":[{"name":"wp","href":"https:\/\/api.w.org\/{rel}","templated":true}]}}