{"id":178272,"date":"2025-04-03T10:17:09","date_gmt":"2025-04-03T16:17:09","guid":{"rendered":"https:\/\/nvnoticias.mx\/?p=178272"},"modified":"2025-04-03T10:17:11","modified_gmt":"2025-04-03T16:17:11","slug":"sheinbaum-aclara-que-productos-pagaran-aranceles-a-eu","status":"publish","type":"post","link":"https:\/\/nvnoticias.mx\/index.php\/2025\/04\/03\/sheinbaum-aclara-que-productos-pagaran-aranceles-a-eu\/","title":{"rendered":"Sheinbaum aclara qu\u00e9 productos pagar\u00e1n aranceles a EU"},"content":{"rendered":"\n<p><br>La presidenta\u00a0<strong>Claudia Sheinbaum\u00a0<\/strong>explic\u00f3 cu\u00e1les son los mecanismos para realizar\u00a0<strong>exportaciones desde M\u00e9xico a Estados Unidos<\/strong> y ahora, cu\u00e1les ser\u00edan las tarifas, luego de que ayer su hom\u00f3logo estadounidense,\u00a0<strong>Donald Trump<\/strong>, anunci\u00f3 pagos de aranceles a nivel mundial para todos los productos que se importen a ese pa\u00eds.<a href=\"https:\/\/www.infobae.com\/mexico\/2025\/04\/02\/sheinbaum-acordo-con-primer-ministro-de-canada-fortalecer-relacion-comercial-ante-aranceles-de-trump-hay-un-mejor-tratado\/\" target=\"_blank\" rel=\"noreferrer noopener\"><\/a><\/p>\n\n\n\n<p>\u201cUna v\u00eda es el tratado comercial, el TMEC, otra v\u00eda es una clausula de la naci\u00f3n m\u00e1s favorecida. En nuestro caso en M\u00e9xico, una parte muy importante se exporta por TMEC y la otra por la clausula de la naci\u00f3n m\u00e1s favorecida. Si est\u00e1s por la clausula de naci\u00f3n m\u00e1s favorecida vas a tener un arancel el 25%. \u00bfQu\u00e9 puedes hacer para no tenerlo? Entrar al TMEC.<\/p>\n\n\n\n<blockquote class=\"wp-block-quote is-layout-flow wp-block-quote-is-layout-flow\">\n<p>\u201cMuch\u00edsimas empresas se han acercado a la Secretar\u00eda de Econom\u00eda, much\u00edsimas, que estaban exportando a trav\u00e9s de naci\u00f3n m\u00e1s favorecida para entrar al TMEC. \u00bfEs factible? S\u00ed es factible. \u00bfEs viable? Es viable. \u00bfLe conviene a M\u00e9xico? S\u00ed, por que ah\u00ed se establece una clausula de origen que quiere decir que m\u00e1s productos o m\u00e1s contenido debe ser producido en M\u00e9xico&#8221;, dijo en Palacio Nacional.<\/p>\n<\/blockquote>\n\n\n\n<p>Fuente: <a href=\"https:\/\/www.infobae.com\/mexico\/2025\/04\/03\/sheinbaum-aclara-que-productos-pagaran-aranceles-a-eeuu-asi-es-como-las-empresas-pueden-evitar-las-tarifas\/\">Infobae<\/a><\/p>\n","protected":false},"excerpt":{"rendered":"<p>La presidenta\u00a0Claudia Sheinbaum\u00a0explic\u00f3 cu\u00e1les son los mecanismos para realizar\u00a0exportaciones desde M\u00e9xico a Estados Unidos y ahora, cu\u00e1les ser\u00edan las tarifas, luego de que ayer su hom\u00f3logo estadounidense,\u00a0Donald Trump, anunci\u00f3 pagos de aranceles a nivel mundial para todos los productos que se importen a ese pa\u00eds. \u201cUna v\u00eda es el tratado comercial, el TMEC, otra v\u00eda [&hellip;]<\/p>\n","protected":false},"author":35,"featured_media":178275,"comment_status":"open","ping_status":"open","sticky":false,"template":"","format":"standard","meta":{"_monsterinsights_skip_tracking":false,"_monsterinsights_sitenote_active":false,"_monsterinsights_sitenote_note":"","_monsterinsights_sitenote_category":0,"footnotes":""},"categories":[157],"tags":[2801,183],"class_list":["post-178272","post","type-post","status-publish","format-standard","has-post-thumbnail","hentry","category-nacional","tag-claudia-sheinbaum","tag-estados-unidos","wp-image-borders"],"amp_enabled":true,"_links":{"self":[{"href":"https:\/\/nvnoticias.mx\/index.php\/wp-json\/wp\/v2\/posts\/178272","targetHints":{"allow":["GET"]}}],"collection":[{"href":"https:\/\/nvnoticias.mx\/index.php\/wp-json\/wp\/v2\/posts"}],"about":[{"href":"https:\/\/nvnoticias.mx\/index.php\/wp-json\/wp\/v2\/types\/post"}],"author":[{"embeddable":true,"href":"https:\/\/nvnoticias.mx\/index.php\/wp-json\/wp\/v2\/users\/35"}],"replies":[{"embeddable":true,"href":"https:\/\/nvnoticias.mx\/index.php\/wp-json\/wp\/v2\/comments?post=178272"}],"version-history":[{"count":4,"href":"https:\/\/nvnoticias.mx\/index.php\/wp-json\/wp\/v2\/posts\/178272\/revisions"}],"predecessor-version":[{"id":178277,"href":"https:\/\/nvnoticias.mx\/index.php\/wp-json\/wp\/v2\/posts\/178272\/revisions\/178277"}],"wp:featuredmedia":[{"embeddable":true,"href":"https:\/\/nvnoticias.mx\/index.php\/wp-json\/wp\/v2\/media\/178275"}],"wp:attachment":[{"href":"https:\/\/nvnoticias.mx\/index.php\/wp-json\/wp\/v2\/media?parent=178272"}],"wp:term":[{"taxonomy":"category","embeddable":true,"href":"https:\/\/nvnoticias.mx\/index.php\/wp-json\/wp\/v2\/categories?post=178272"},{"taxonomy":"post_tag","embeddable":true,"href":"https:\/\/nvnoticias.mx\/index.php\/wp-json\/wp\/v2\/tags?post=178272"}],"curies":[{"name":"wp","href":"https:\/\/api.w.org\/{rel}","templated":true}]}}