{"id":17825,"date":"2021-07-05T13:08:01","date_gmt":"2021-07-05T18:08:01","guid":{"rendered":"https:\/\/nvnoticias.mx\/?p=17825"},"modified":"2021-07-05T13:08:02","modified_gmt":"2021-07-05T18:08:02","slug":"familiares-de-ninos-con-cancer-marchan-una-vez-mas","status":"publish","type":"post","link":"https:\/\/nvnoticias.mx\/index.php\/2021\/07\/05\/familiares-de-ninos-con-cancer-marchan-una-vez-mas\/","title":{"rendered":"Familiares de ni\u00f1os con c\u00e1ncer marchan una vez m\u00e1s"},"content":{"rendered":"\n<p><strong>Jes\u00fas Utrilla | NV Noticias<\/strong><\/p>\n\n\n\n<p>Veracruz.- Madres de familia de ni\u00f1os con c\u00e1ncer volvieron a marchar en Veracruz para exigir que los doten de medicamentos oncol\u00f3gicos para el tratamiento correcto de sus hijos.<\/p>\n\n\n\n<p>Acusaron que tambi\u00e9n persiste desabasto entre los pacientes adultos del Hospital de Alta Especialidad, sin embargo lamentaron la apat\u00eda de sus familiares de no sumarse a las movilizaciones para exigir el surtimiento de las recetas.<\/p>\n\n\n\n<blockquote class=\"wp-block-quote is-layout-flow wp-block-quote-is-layout-flow\"><p>\u201cNo se acercan y es muy extra\u00f1o que estando en la situaci\u00f3n que nosotros estamos no se acerque la gente que est\u00e1 en el HAEV, al final del d\u00eda les puedo decir que no sirven muchos equipos, que los mandan a comprar medicamentos y hacer estudios afuera. No s\u00e9 porque los familiares no hacen caso van a una farmacia, donde van a la farmacia piden un paracetamol y no lo tienen, prefieren ir a comprarlo\u201d.<\/p><\/blockquote>\n\n\n\n<p>El grupo de madres sali\u00f3 de la avenida 20 de noviembre para dirigirse al centro del municipio de Veracruz.<\/p>\n","protected":false},"excerpt":{"rendered":"<p>Jes\u00fas Utrilla | NV Noticias Veracruz.- Madres de familia de ni\u00f1os con c\u00e1ncer volvieron a marchar en Veracruz para exigir que los doten de medicamentos oncol\u00f3gicos para el tratamiento correcto de sus hijos. Acusaron que tambi\u00e9n persiste desabasto entre los pacientes adultos del Hospital de Alta Especialidad, sin embargo lamentaron la apat\u00eda de sus familiares [&hellip;]<\/p>\n","protected":false},"author":6,"featured_media":17829,"comment_status":"open","ping_status":"open","sticky":false,"template":"","format":"standard","meta":{"_monsterinsights_skip_tracking":false,"_monsterinsights_sitenote_active":false,"_monsterinsights_sitenote_note":"","_monsterinsights_sitenote_category":0,"footnotes":""},"categories":[154],"tags":[1507,4712,162],"class_list":["post-17825","post","type-post","status-publish","format-standard","has-post-thumbnail","hentry","category-veracruz","tag-marcha","tag-ninos-con-cancer","tag-portada","wp-image-borders"],"amp_enabled":true,"_links":{"self":[{"href":"https:\/\/nvnoticias.mx\/index.php\/wp-json\/wp\/v2\/posts\/17825","targetHints":{"allow":["GET"]}}],"collection":[{"href":"https:\/\/nvnoticias.mx\/index.php\/wp-json\/wp\/v2\/posts"}],"about":[{"href":"https:\/\/nvnoticias.mx\/index.php\/wp-json\/wp\/v2\/types\/post"}],"author":[{"embeddable":true,"href":"https:\/\/nvnoticias.mx\/index.php\/wp-json\/wp\/v2\/users\/6"}],"replies":[{"embeddable":true,"href":"https:\/\/nvnoticias.mx\/index.php\/wp-json\/wp\/v2\/comments?post=17825"}],"version-history":[{"count":1,"href":"https:\/\/nvnoticias.mx\/index.php\/wp-json\/wp\/v2\/posts\/17825\/revisions"}],"predecessor-version":[{"id":17826,"href":"https:\/\/nvnoticias.mx\/index.php\/wp-json\/wp\/v2\/posts\/17825\/revisions\/17826"}],"wp:featuredmedia":[{"embeddable":true,"href":"https:\/\/nvnoticias.mx\/index.php\/wp-json\/wp\/v2\/media\/17829"}],"wp:attachment":[{"href":"https:\/\/nvnoticias.mx\/index.php\/wp-json\/wp\/v2\/media?parent=17825"}],"wp:term":[{"taxonomy":"category","embeddable":true,"href":"https:\/\/nvnoticias.mx\/index.php\/wp-json\/wp\/v2\/categories?post=17825"},{"taxonomy":"post_tag","embeddable":true,"href":"https:\/\/nvnoticias.mx\/index.php\/wp-json\/wp\/v2\/tags?post=17825"}],"curies":[{"name":"wp","href":"https:\/\/api.w.org\/{rel}","templated":true}]}}