{"id":17806,"date":"2021-07-05T11:02:25","date_gmt":"2021-07-05T16:02:25","guid":{"rendered":"https:\/\/nvnoticias.mx\/?p=17806"},"modified":"2021-07-05T11:02:26","modified_gmt":"2021-07-05T16:02:26","slug":"estudiantes-exigen-ser-vacunados-contra-covid-19","status":"publish","type":"post","link":"https:\/\/nvnoticias.mx\/index.php\/2021\/07\/05\/estudiantes-exigen-ser-vacunados-contra-covid-19\/","title":{"rendered":"Estudiantes exigen ser vacunados contra covid-19 por temor a nuevas variantes"},"content":{"rendered":"\n<p><strong>Sam Ojeda&nbsp;| NV Noticias<\/strong><\/p>\n\n\n\n<p>Xalapa.-&nbsp;Estudiantes adheridos a la la Federaci\u00f3n Nacional de Estudiantes Revolucionarios \u201cRafael Ram\u00edrez\u201d (FNRRR) se\u00f1alaron que a pesar de la exigencia que han hecho a las autoridades federales y del estado para que los estudiantes sean vacunados antes del regreso presencial a las aulas, ambas instancias han hecho caso omiso.<\/p>\n\n\n\n<p>La responsable de la organizaci\u00f3n en Veracruz, Lorena Ixtepan Mart\u00ednez, se\u00f1al\u00f3 que en todo el pa\u00eds los estudiantes que peligran ante un posible contagio de covid-19 al regresar a las clases en las aulas, debido a que no han sido vacunados.<\/p>\n\n\n\n<p>Esto, pues record\u00f3 que hay variantes de esta enfermedad, como la Delta, que son m\u00e1s contagiosas y letales que otras y que afectan principalmente a los j\u00f3venes, por lo cual insisti\u00f3 en que deben vacunara los estudiantes.<\/p>\n\n\n\n<blockquote class=\"wp-block-quote is-layout-flow wp-block-quote-is-layout-flow\"><p>\u201cComo estudiantes necesitamos estar vacunados; el Gobierno federal anunci\u00f3 el regreso a clases de manera presencial, pero no se ha inmunizado a todos los estudiantes. Se aprob\u00f3 la vacuna para los mayores de 12 a\u00f1os pero no hay un avance significativo, no hay un avance real para que los estudiantes regresen de manera segura\u201d.\u00a0<\/p><\/blockquote>\n\n\n\n<p>Por ello, anunci\u00f3 que este martes realizar\u00e1n una manifestaci\u00f3n en la Ciudad de M\u00e9xico para exigir a las autoridades del Gobierno federal que inicie el proceso de vacunaci\u00f3n para los estudiantes.<\/p>\n\n\n\n<p>En Veracruz dijo que se movilizar\u00e1n con la realizaci\u00f3n de una cadena humana en el parque Benito Ju\u00e1rez Garc\u00eda, con lo cual se unir\u00e1n a la protesta en Ciudad de M\u00e9xico, ya que se\u00f1al\u00f3 en el estado tambi\u00e9n hay problemas en el manejo de la pandemia.<\/p>\n\n\n\n<blockquote class=\"wp-block-quote is-layout-flow wp-block-quote-is-layout-flow\"><p>\u201cAnte el mal manejo de la pandemia, queremos exponer que en Xalapa ya regresamos\u00a0 al sem\u00e1foro rojo y que no hay medidas reales por parte del Gobierno federal ni del Gobierno estatal para combatir al covid-19\u201d.\u00a0<\/p><\/blockquote>\n","protected":false},"excerpt":{"rendered":"<p>Sam Ojeda&nbsp;| NV Noticias Xalapa.-&nbsp;Estudiantes adheridos a la la Federaci\u00f3n Nacional de Estudiantes Revolucionarios \u201cRafael Ram\u00edrez\u201d (FNRRR) se\u00f1alaron que a pesar de la exigencia que han hecho a las autoridades federales y del estado para que los estudiantes sean vacunados antes del regreso presencial a las aulas, ambas instancias han hecho caso omiso. La responsable [&hellip;]<\/p>\n","protected":false},"author":6,"featured_media":17808,"comment_status":"open","ping_status":"open","sticky":false,"template":"","format":"standard","meta":{"_monsterinsights_skip_tracking":false,"_monsterinsights_sitenote_active":false,"_monsterinsights_sitenote_note":"","_monsterinsights_sitenote_category":0,"footnotes":""},"categories":[156],"tags":[175,277,2903,4828],"class_list":["post-17806","post","type-post","status-publish","format-standard","has-post-thumbnail","hentry","category-estado","tag-covid-19","tag-estudiantes","tag-vacunados","tag-variantes","wp-image-borders"],"amp_enabled":true,"_links":{"self":[{"href":"https:\/\/nvnoticias.mx\/index.php\/wp-json\/wp\/v2\/posts\/17806","targetHints":{"allow":["GET"]}}],"collection":[{"href":"https:\/\/nvnoticias.mx\/index.php\/wp-json\/wp\/v2\/posts"}],"about":[{"href":"https:\/\/nvnoticias.mx\/index.php\/wp-json\/wp\/v2\/types\/post"}],"author":[{"embeddable":true,"href":"https:\/\/nvnoticias.mx\/index.php\/wp-json\/wp\/v2\/users\/6"}],"replies":[{"embeddable":true,"href":"https:\/\/nvnoticias.mx\/index.php\/wp-json\/wp\/v2\/comments?post=17806"}],"version-history":[{"count":1,"href":"https:\/\/nvnoticias.mx\/index.php\/wp-json\/wp\/v2\/posts\/17806\/revisions"}],"predecessor-version":[{"id":17807,"href":"https:\/\/nvnoticias.mx\/index.php\/wp-json\/wp\/v2\/posts\/17806\/revisions\/17807"}],"wp:featuredmedia":[{"embeddable":true,"href":"https:\/\/nvnoticias.mx\/index.php\/wp-json\/wp\/v2\/media\/17808"}],"wp:attachment":[{"href":"https:\/\/nvnoticias.mx\/index.php\/wp-json\/wp\/v2\/media?parent=17806"}],"wp:term":[{"taxonomy":"category","embeddable":true,"href":"https:\/\/nvnoticias.mx\/index.php\/wp-json\/wp\/v2\/categories?post=17806"},{"taxonomy":"post_tag","embeddable":true,"href":"https:\/\/nvnoticias.mx\/index.php\/wp-json\/wp\/v2\/tags?post=17806"}],"curies":[{"name":"wp","href":"https:\/\/api.w.org\/{rel}","templated":true}]}}