{"id":177938,"date":"2025-03-31T19:18:00","date_gmt":"2025-04-01T01:18:00","guid":{"rendered":"https:\/\/nvnoticias.mx\/?p=177938"},"modified":"2025-04-01T02:21:08","modified_gmt":"2025-04-01T08:21:08","slug":"ningun-pais-se-salvara-de-aranceles-advierte-vocera-de-la-casa-blanca","status":"publish","type":"post","link":"https:\/\/nvnoticias.mx\/index.php\/2025\/03\/31\/ningun-pais-se-salvara-de-aranceles-advierte-vocera-de-la-casa-blanca\/","title":{"rendered":"Ning\u00fan pa\u00eds se salvar\u00e1 de aranceles, advierte vocera de la Casa Blanca"},"content":{"rendered":"\n<p><\/p>\n\n\n\n<p>La vocera de la Casa Blanca, Karoline Leavitt, dio a conocer que el pr\u00f3ximo 2 de abril ning\u00fan pa\u00eds se salvar\u00e1 de los aranceles rec\u00edprocos anunciados por el presidente Donald Trump.<\/p>\n\n\n\n<p>De acuerdo con lo declarado por la funcionaria estadounidense, Washington no dar\u00e1 exenciones a ning\u00fan pa\u00eds, ya que la administraci\u00f3n de Trump ha calificado las pr\u00e1cticas comerciales actuales como &#8220;injustas&#8221; con Estados Unidos.<\/p>\n\n\n\n<p>El presidente del pa\u00eds vecino ha nombrado el 2 de abril como el&nbsp;<strong>D\u00eda de la Liberaci\u00f3n<\/strong>&nbsp;, en el que supuestamente romper\u00e1n con el sistema econ\u00f3mico global, en el que Estados Unidos ha mantenido tratados de libre comercio con diversos pa\u00edses.<\/p>\n\n\n\n<p>&#8220;No hay exenciones en este momento&#8230; Dejar\u00e9 que el Presidente haga el anuncio el mi\u00e9rcoles, pero creo que cualquier pa\u00eds que haya tratado al pueblo estadounidense injustamente deber\u00eda esperar recibir un arancel a cambio&#8221;, dijo la&nbsp;vocera de la Casa Blanca.<\/p>\n\n\n\n<p>Los&nbsp;<strong>aranceles rec\u00edprocos que arrancan este mi\u00e9rcoles aplican para todos los pa\u00edses<\/strong>&nbsp;que tengan una relaci\u00f3n comercial con Estados Unidos, y ser\u00e1n en respuesta a los impuestos que tengan cada una de las naciones.<\/p>\n\n\n\n<p>Anteriormente, la presidenta Claudia Sheinbaum anunci\u00f3 que no pondr\u00edan aranceles a ning\u00fan producto de Estados Unidos, con lo que, de acuerdo con la reciprocidad, implicar\u00eda que el pa\u00eds vecino no aplicar\u00eda aranceles como respuesta.<\/p>\n\n\n\n<p>&#8220;El objetivo del mi\u00e9rcoles es que sean aranceles por pa\u00eds. Pero relativo a aranceles por sectores, el Presidente ha dicho que est\u00e1 comprometido a implementarlos sin duda. Y dejar\u00e9 en sus manos esta decisi\u00f3n para cuando haga el anuncio.&#8221;<\/p>\n","protected":false},"excerpt":{"rendered":"<p>La vocera de la Casa Blanca, Karoline Leavitt, dio a conocer que el pr\u00f3ximo 2 de abril ning\u00fan pa\u00eds se salvar\u00e1 de los aranceles rec\u00edprocos anunciados por el presidente Donald Trump. De acuerdo con lo declarado por la funcionaria estadounidense, Washington no dar\u00e1 exenciones a ning\u00fan pa\u00eds, ya que la administraci\u00f3n de Trump ha calificado [&hellip;]<\/p>\n","protected":false},"author":8,"featured_media":171688,"comment_status":"open","ping_status":"open","sticky":false,"template":"","format":"standard","meta":{"_monsterinsights_skip_tracking":false,"_monsterinsights_sitenote_active":false,"_monsterinsights_sitenote_note":"","_monsterinsights_sitenote_category":0,"footnotes":""},"categories":[181],"tags":[14569,183],"class_list":["post-177938","post","type-post","status-publish","format-standard","has-post-thumbnail","hentry","category-internacional","tag-aranceles","tag-estados-unidos","wp-image-borders"],"amp_enabled":true,"_links":{"self":[{"href":"https:\/\/nvnoticias.mx\/index.php\/wp-json\/wp\/v2\/posts\/177938","targetHints":{"allow":["GET"]}}],"collection":[{"href":"https:\/\/nvnoticias.mx\/index.php\/wp-json\/wp\/v2\/posts"}],"about":[{"href":"https:\/\/nvnoticias.mx\/index.php\/wp-json\/wp\/v2\/types\/post"}],"author":[{"embeddable":true,"href":"https:\/\/nvnoticias.mx\/index.php\/wp-json\/wp\/v2\/users\/8"}],"replies":[{"embeddable":true,"href":"https:\/\/nvnoticias.mx\/index.php\/wp-json\/wp\/v2\/comments?post=177938"}],"version-history":[{"count":3,"href":"https:\/\/nvnoticias.mx\/index.php\/wp-json\/wp\/v2\/posts\/177938\/revisions"}],"predecessor-version":[{"id":177941,"href":"https:\/\/nvnoticias.mx\/index.php\/wp-json\/wp\/v2\/posts\/177938\/revisions\/177941"}],"wp:featuredmedia":[{"embeddable":true,"href":"https:\/\/nvnoticias.mx\/index.php\/wp-json\/wp\/v2\/media\/171688"}],"wp:attachment":[{"href":"https:\/\/nvnoticias.mx\/index.php\/wp-json\/wp\/v2\/media?parent=177938"}],"wp:term":[{"taxonomy":"category","embeddable":true,"href":"https:\/\/nvnoticias.mx\/index.php\/wp-json\/wp\/v2\/categories?post=177938"},{"taxonomy":"post_tag","embeddable":true,"href":"https:\/\/nvnoticias.mx\/index.php\/wp-json\/wp\/v2\/tags?post=177938"}],"curies":[{"name":"wp","href":"https:\/\/api.w.org\/{rel}","templated":true}]}}