{"id":177616,"date":"2025-03-28T13:57:38","date_gmt":"2025-03-28T19:57:38","guid":{"rendered":"https:\/\/nvnoticias.mx\/?p=177616"},"modified":"2025-03-28T13:57:40","modified_gmt":"2025-03-28T19:57:40","slug":"colectivo-guerreros-buscadores-de-jalisco-envia-carta-a-sheinbaum-por-caso-teuchitlan","status":"publish","type":"post","link":"https:\/\/nvnoticias.mx\/index.php\/2025\/03\/28\/colectivo-guerreros-buscadores-de-jalisco-envia-carta-a-sheinbaum-por-caso-teuchitlan\/","title":{"rendered":"Colectivo Guerreros Buscadores de Jalisco env\u00eda carta a Sheinbaum por caso Teuchitl\u00e1n"},"content":{"rendered":"\n<p>A escasos d\u00edas de que se cumpla un mes del hallazgo del rancho Izaguirre en\u00a0<strong>Teuchitl\u00e1n<\/strong>, el\u00a0<strong>Guerreros Buscadores de Jalisco\u00a0<\/strong>rompi\u00f3 el silencio. A trav\u00e9s de una misiva, madres, padres, hermanos e hijos que buscan a sus seres queridos desaparecidos y que forman parte del colectivo se dirigieron directamente a la presidenta de M\u00e9xico,\u00a0<strong>Claudia Sheinbaum Pardo<\/strong>, a quien le aseguraron tener confianza en ella.<a href=\"https:\/\/www.infobae.com\/mexico\/2025\/03\/28\/llega-a-mexico-kristi-noem-secretaria-de-seguridad-nacional-de-eeuu-se-reunira-con-sheinbaum\/\" target=\"_blank\" rel=\"noreferrer noopener\"><\/a><\/p>\n\n\n\n<p>La carta, dada a conocer este 28 de marzo de 2025, fue firmada por\u00a0<strong>Indira del Socorro Navarro<\/strong>, representante del colectivo que ha sostenido que al interior del predio en Teuchitl\u00e1n localiz\u00f3\u00a0<strong>crematorios clandestinos<\/strong>.<\/p>\n\n\n\n<p>En el documento, el colectivo asegura confiar en el liderazgo de la titular del Ejecutivo para poner fin a la desaparici\u00f3n de personas; a la \u201cbarbarie\u201d.<a href=\"https:\/\/www.infobae.com\/mexico\/2025\/03\/28\/sheinbaum-reitera-su-rechazo-a-aranceles-del-sector-automotriz-de-eeuu-fue-una-decision-unilateral\/\" target=\"_blank\" rel=\"noreferrer noopener\"><\/a><\/p>\n\n\n\n<blockquote class=\"wp-block-quote is-layout-flow wp-block-quote-is-layout-flow\">\n<p><em><strong>Esc\u00fachenos de mam\u00e1 a mam\u00e1.&nbsp;<\/strong><\/em><em>Queremos contarle todo. Con el coraz\u00f3n roto, con l\u00e1grimas que ya no sabemos contener, estuvimos all\u00ed, en el rancho, buscando a nuestros seres queridos.<\/em><\/p>\n<\/blockquote>\n\n\n\n<blockquote class=\"wp-block-quote is-layout-flow wp-block-quote-is-layout-flow\">\n<p><em>A nosotras, las madres, esposas, hermanas, hijos, padres buscadores, nos amenaza el crimen, pero tambi\u00e9n nos se\u00f1alan los medios y los pol\u00edticos.<\/em><em><strong>&nbsp;Mientras uno se incomodan con los desaparecidos, a nosotras nos duelen.<\/strong><\/em><\/p>\n<\/blockquote>\n\n\n\n<p><a href=\"https:\/\/www.infobae.com\/mexico\/2025\/03\/28\/indicios-hallados-en-rancho-izaguirre-reflejan-degradacion-de-la-violencia-del-crimen-organizado-acusa-cidh\/\" target=\"_blank\" rel=\"noreferrer noopener\"><\/a><\/p>\n\n\n\n<p>En su primer intento de acercamiento a la mandataria federal, aseguraron que\u00a0<strong>su dolor no tiene partido, ni su causo color.<\/strong><\/p>\n\n\n\n<p>Fuente: <a href=\"https:\/\/www.infobae.com\/mexico\/2025\/03\/28\/colectivo-guerreros-buscadores-de-jalisco-envia-carta-a-sheinbaum-por-caso-teuchitlan-hay-mucha-gente-coludida\/\">Infobae<\/a><\/p>\n\n\n\n<p><\/p>\n\n\n\n<p><\/p>\n\n\n\n<p><\/p>\n","protected":false},"excerpt":{"rendered":"<p>A escasos d\u00edas de que se cumpla un mes del hallazgo del rancho Izaguirre en\u00a0Teuchitl\u00e1n, el\u00a0Guerreros Buscadores de Jalisco\u00a0rompi\u00f3 el silencio. A trav\u00e9s de una misiva, madres, padres, hermanos e hijos que buscan a sus seres queridos desaparecidos y que forman parte del colectivo se dirigieron directamente a la presidenta de M\u00e9xico,\u00a0Claudia Sheinbaum Pardo, a [&hellip;]<\/p>\n","protected":false},"author":35,"featured_media":177052,"comment_status":"open","ping_status":"open","sticky":false,"template":"","format":"standard","meta":{"_monsterinsights_skip_tracking":false,"_monsterinsights_sitenote_active":false,"_monsterinsights_sitenote_note":"","_monsterinsights_sitenote_category":0,"footnotes":""},"categories":[157],"tags":[31731,2801,162,31730],"class_list":["post-177616","post","type-post","status-publish","format-standard","has-post-thumbnail","hentry","category-nacional","tag-caso-izaguirre","tag-claudia-sheinbaum","tag-portada","tag-teuchitlan","wp-image-borders"],"amp_enabled":true,"_links":{"self":[{"href":"https:\/\/nvnoticias.mx\/index.php\/wp-json\/wp\/v2\/posts\/177616","targetHints":{"allow":["GET"]}}],"collection":[{"href":"https:\/\/nvnoticias.mx\/index.php\/wp-json\/wp\/v2\/posts"}],"about":[{"href":"https:\/\/nvnoticias.mx\/index.php\/wp-json\/wp\/v2\/types\/post"}],"author":[{"embeddable":true,"href":"https:\/\/nvnoticias.mx\/index.php\/wp-json\/wp\/v2\/users\/35"}],"replies":[{"embeddable":true,"href":"https:\/\/nvnoticias.mx\/index.php\/wp-json\/wp\/v2\/comments?post=177616"}],"version-history":[{"count":5,"href":"https:\/\/nvnoticias.mx\/index.php\/wp-json\/wp\/v2\/posts\/177616\/revisions"}],"predecessor-version":[{"id":177621,"href":"https:\/\/nvnoticias.mx\/index.php\/wp-json\/wp\/v2\/posts\/177616\/revisions\/177621"}],"wp:featuredmedia":[{"embeddable":true,"href":"https:\/\/nvnoticias.mx\/index.php\/wp-json\/wp\/v2\/media\/177052"}],"wp:attachment":[{"href":"https:\/\/nvnoticias.mx\/index.php\/wp-json\/wp\/v2\/media?parent=177616"}],"wp:term":[{"taxonomy":"category","embeddable":true,"href":"https:\/\/nvnoticias.mx\/index.php\/wp-json\/wp\/v2\/categories?post=177616"},{"taxonomy":"post_tag","embeddable":true,"href":"https:\/\/nvnoticias.mx\/index.php\/wp-json\/wp\/v2\/tags?post=177616"}],"curies":[{"name":"wp","href":"https:\/\/api.w.org\/{rel}","templated":true}]}}