{"id":177530,"date":"2025-03-28T09:14:36","date_gmt":"2025-03-28T15:14:36","guid":{"rendered":"https:\/\/nvnoticias.mx\/?p=177530"},"modified":"2025-03-28T09:14:38","modified_gmt":"2025-03-28T15:14:38","slug":"la-violencia-no-disminuye","status":"publish","type":"post","link":"https:\/\/nvnoticias.mx\/index.php\/2025\/03\/28\/la-violencia-no-disminuye\/","title":{"rendered":"La violencia no disminuye"},"content":{"rendered":"\n<p><\/p>\n\n\n\n<p><strong>Dr. Jerem\u00edas Zu\u00f1iga Mezano<\/strong><\/p>\n\n\n\n<p>\u00bfSe han preguntado por qu\u00e9, si cada a\u00f1o, durante los \u00faltimos 25 a\u00f1os, hay m\u00e1s detenidos y m\u00e1s aseguramientos de armas y drogas, la violencia no disminuye? \u00bfPor qu\u00e9 no bajan las adicciones, los delitos, las desapariciones de personas, los homicidios? \u00bfPor qu\u00e9, si el Estado hace su trabajo, si Seguridad P\u00fablica, las fiscal\u00edas y el Poder Judicial entregan resultados \u2014al menos en n\u00fameros\u2014 la violencia sigue creciendo y el tejido social contin\u00faa deterior\u00e1ndose?<\/p>\n\n\n\n<p>La respuesta es clara: porque no bastan las patrullas para contener el crimen. Hay que construir la paz desde casa y desde la escuela. Porque la paz se construye educando desde el alma , con la participaci\u00f3n activa de los padres de familia y con una escuela comprometida con su entorno.<\/p>\n\n\n\n<p>Y no es por falta de voluntad de los maestros, ni tampoco exclusivamente de las autoridades. Es porque no hemos trabajado de manera coordinada en la construcci\u00f3n de comunidades seguras y entornos libres de violencia, droga y delito. La responsabilidad es de todos, y los padres de familia deben ser actores centrales en esta tarea.<\/p>\n\n\n\n<p>La deserci\u00f3n escolar tras la pandemia es alarmante\u2026 sin embargo, quienes tienen responsabilidad de que los ni\u00f1os y j\u00f3venes asistan a la escuela son los padres de familia.<\/p>\n\n\n\n<p>Las escuelas deben ser refugios de alegr\u00eda, conocimiento, formaci\u00f3n, deporte, recreaci\u00f3n y cultura. En ellas se forman los profesionistas de M\u00e9xico, y tambi\u00e9n se previene que ni\u00f1as y ni\u00f1os caigan en la delincuencia. Por eso, la escuela es el santuario m\u00e1s importante para el pa\u00eds y para Veracruz.<\/p>\n\n\n\n<p>Necesitamos un compromiso real desde la sociedad, especialmente desde las familias. Llevar a nuestros hijos a la escuela no es suficiente: debemos participar activamente en su educaci\u00f3n. Solo as\u00ed lograremos prevenir el delito, construir comunidades seguras e integrales, alejadas del crimen, de la violencia y de las adicciones.<\/p>\n\n\n\n<p>No es por decreto ni por mandato judicial como evitamos que una ni\u00f1a o un ni\u00f1o consuma drogas. Es a trav\u00e9s de la formaci\u00f3n, la educaci\u00f3n y el ejemplo.<\/p>\n\n\n\n<p>Si queremos un M\u00e9xico mejor, debemos actuar para que cada ni\u00f1a, ni\u00f1o, adolescente y joven tenga acceso a una educaci\u00f3n integral. Y entonces s\u00ed: tendremos comunidades escolares seguras, pero sobre todo, tendremos un M\u00e9xico en paz, un M\u00e9xico libre de violencia, un M\u00e9xico libre de homicidios.<\/p>\n\n\n\n<p>Y lo m\u00e1s importante: todos sabremos d\u00f3nde est\u00e1n nuestros hijos.<\/p>\n\n\n\n<h1 class=\"wp-block-heading\">ParaSerMejores sabidur\u00eda e inteligencia.<\/h1>\n\n\n\n<p><\/p>\n","protected":false},"excerpt":{"rendered":"<p>Dr. Jerem\u00edas Zu\u00f1iga Mezano \u00bfSe han preguntado por qu\u00e9, si cada a\u00f1o, durante los \u00faltimos 25 a\u00f1os, hay m\u00e1s detenidos y m\u00e1s aseguramientos de armas y drogas, la violencia no disminuye? \u00bfPor qu\u00e9 no bajan las adicciones, los delitos, las desapariciones de personas, los homicidios? \u00bfPor qu\u00e9, si el Estado hace su trabajo, si Seguridad [&hellip;]<\/p>\n","protected":false},"author":48,"featured_media":84463,"comment_status":"open","ping_status":"open","sticky":false,"template":"","format":"standard","meta":{"_monsterinsights_skip_tracking":false,"_monsterinsights_sitenote_active":false,"_monsterinsights_sitenote_note":"","_monsterinsights_sitenote_category":0,"footnotes":""},"categories":[30211],"tags":[31758],"class_list":["post-177530","post","type-post","status-publish","format-standard","has-post-thumbnail","hentry","category-para-ser-mejores","tag-dr-jeremias-zuniga-mezano-3","wp-image-borders"],"amp_enabled":true,"_links":{"self":[{"href":"https:\/\/nvnoticias.mx\/index.php\/wp-json\/wp\/v2\/posts\/177530","targetHints":{"allow":["GET"]}}],"collection":[{"href":"https:\/\/nvnoticias.mx\/index.php\/wp-json\/wp\/v2\/posts"}],"about":[{"href":"https:\/\/nvnoticias.mx\/index.php\/wp-json\/wp\/v2\/types\/post"}],"author":[{"embeddable":true,"href":"https:\/\/nvnoticias.mx\/index.php\/wp-json\/wp\/v2\/users\/48"}],"replies":[{"embeddable":true,"href":"https:\/\/nvnoticias.mx\/index.php\/wp-json\/wp\/v2\/comments?post=177530"}],"version-history":[{"count":1,"href":"https:\/\/nvnoticias.mx\/index.php\/wp-json\/wp\/v2\/posts\/177530\/revisions"}],"predecessor-version":[{"id":177531,"href":"https:\/\/nvnoticias.mx\/index.php\/wp-json\/wp\/v2\/posts\/177530\/revisions\/177531"}],"wp:featuredmedia":[{"embeddable":true,"href":"https:\/\/nvnoticias.mx\/index.php\/wp-json\/wp\/v2\/media\/84463"}],"wp:attachment":[{"href":"https:\/\/nvnoticias.mx\/index.php\/wp-json\/wp\/v2\/media?parent=177530"}],"wp:term":[{"taxonomy":"category","embeddable":true,"href":"https:\/\/nvnoticias.mx\/index.php\/wp-json\/wp\/v2\/categories?post=177530"},{"taxonomy":"post_tag","embeddable":true,"href":"https:\/\/nvnoticias.mx\/index.php\/wp-json\/wp\/v2\/tags?post=177530"}],"curies":[{"name":"wp","href":"https:\/\/api.w.org\/{rel}","templated":true}]}}