{"id":177278,"date":"2025-03-26T07:58:46","date_gmt":"2025-03-26T13:58:46","guid":{"rendered":"https:\/\/nvnoticias.mx\/?p=177278"},"modified":"2025-03-26T07:58:48","modified_gmt":"2025-03-26T13:58:48","slug":"los-desplazados-de-morena","status":"publish","type":"post","link":"https:\/\/nvnoticias.mx\/index.php\/2025\/03\/26\/los-desplazados-de-morena\/","title":{"rendered":"Los &#8220;desplazados&#8221; de Morena"},"content":{"rendered":"\n<p><\/p>\n\n\n\n<figure class=\"wp-block-pullquote\"><blockquote><p><strong>Ricardo Chua<\/strong><\/p><\/blockquote><\/figure>\n\n\n\n<p>El conflicto que se vive al interior de MORENA en Veracruz, son por los cientos de personajes que fueron aspirantes a ser candidatos en los 212 municipios en la entidad para la elecci\u00f3n a alcaldes, que se vivir\u00e1 el pr\u00f3ximo 1 de junio.. Y que fueron &#8220;DESPLAZADOS&#8221; porque no salieron elegidos como &#8220;Promotores&#8221; de la 4T.. Y que adem\u00e1s acusaron de DESASEO del proceso interno para elegirlos.. La pregunta que se hacen en ese partido, es qu\u00e9 har\u00e1n.. Si operar\u00e1n en contra, tendr\u00e1 &#8220;brazos ca\u00eddos&#8221; o simplemente no se meter\u00e1 en la elecci\u00f3n.. ESA ES LA DUDA..<\/p>\n\n\n\n<p>En la gran mayor\u00eda de los municipios de la entidad, al interior de este organismo, hay un descontento generalizado por la selecci\u00f3n de candidatos y eso se puede ver reflejado en el resultado de la elecci\u00f3n del 1 de junio.. Ya que tambi\u00e9n tuvieron hasta conflictos con su partido aliado, el PVEM en donde en algunos ayuntamientos &#8220;rompi\u00f3&#8221; la coalici\u00f3n y la van a jugar solos porque MORENA, no respet\u00f3 los acuerdos de esa alianza y es ah\u00ed donde algunos observadores del comit\u00e9 nacional de MORENA.. Ven con preocupaci\u00f3n que su partido pueda tener derrotas donde no se ten\u00eda pensado perder..<\/p>\n\n\n\n<p>Ese fue el motivo de que Luisa Mar\u00eda Alcalde Lujan, dirigente nacional de MORENA, no estuviera de acuerdo en muchas decisiones que se tomaron en Veracruz y &#8220;explotar\u00e1&#8221; por todos los problemas que le caus\u00f3, por eso ya mejor decidi\u00f3 cerrar las puertas del comit\u00e9 nacional, entregando los nombramientos en privado, no en p\u00fablico y sac\u00e1ndose la foto con los &#8220;promotores&#8221; de manera circunstancial.. No como sucedi\u00f3 en la primera semana de las nominaciones.. Pero en &#8220;pro&#8221; de la unidad de su partido.. Dej\u00f3 todo en manos de la persona que fue la &#8220;Gran Electora&#8221; en el Estado..<\/p>\n\n\n\n<p>El conflicto que queda con los &#8220;desplazados&#8221; es qu\u00e9 van hacer con ellos.. C\u00f3mo los van a incluir en la campa\u00f1a pol\u00edtica del adversario que se dijeron de todo.. Sobre todo en zonas rurales donde el &#8220;odio es jarocho&#8221;.. Si bien es cierto la &#8220;marca&#8221; MORENA es muy fuerte en Veracruz y ha sacado triunfos impensables en pasadas elecciones, con n\u00fameros incre\u00edbles.. Tambi\u00e9n es una realidad, que la TRAICI\u00d3N puede ser mucho m\u00e1s fuerte que la &#8220;marca&#8221; en cuesti\u00f3n.. M\u00e1s cuando en un municipio peque\u00f1o o suburbano, se juntan los &#8220;desplazados&#8221; y le dan en la &#8220;torre&#8221; al candidato elegido..<\/p>\n\n\n\n<p>Este puede ser el problema que no se midi\u00f3 en MORENA Veracruz.. Al intentar en todos lados imponer la voluntad de Palacio de Gobierno y de todos los funcionarios que tienen que ver con MORENA, as\u00ed como su dirigencia estatal.. En municipios grandes o urbanos la &#8220;marca&#8221; si los puede salvar y hacer ganar con facilidad a qui\u00e9n hayan nominado.. Pero qu\u00e9 pasar\u00e1 en la gran mayor\u00eda de esas ciudades.. C\u00f3mo van a controlar la &#8220;Sed de Venganza&#8221; de los &#8220;desplazados&#8221;, si por arriba dicen voy en unidad pero por debajo se ponen de acuerdo con el PAN, PRI o Movimiento Ciudadano.. La venganza es un &#8220;plato que se come fr\u00edo&#8221;..<\/p>\n\n\n\n<p>El asunto es que los operadores de MORENA tanto del comit\u00e9 nacional.. As\u00ed como los que est\u00e1n en Veracruz, pero que todo reportan a Andr\u00e9s Manuel L\u00f3pez Beltr\u00e1n y Luisa Alcalde.. Es que despu\u00e9s de este conflicto.. Toda la elecci\u00f3n a alcaldes, es RESPONSABILIDAD del Estado y comit\u00e9 estatal.. Ellos ser\u00e1n los responsables del &#8220;avasalle&#8221; o retroceso.. Y han comentado que si la gobernadora Roc\u00edo Nahle no logra triunfos en m\u00e1s municipios, de los que dej\u00f3 Cuitl\u00e1huac Garc\u00eda, cuando dej\u00f3 el poder en Veracruz.. Ser\u00e1 tomado como una DERROTA.. Por todo el costo pol\u00edtico que represent\u00f3 para el CEN esta elecci\u00f3n.. AMEN.. SIN COMENTARIOS..<\/p>\n\n\n\n<p>PT EN VERACRUZ, EN LA MIRA.. Alguna fuerte decisi\u00f3n tendr\u00e1 que tomar el Partido del Trabajo en Veracruz.. Sobre todo ahora que son tiempos electorales y toda acci\u00f3n de sus pol\u00edticos est\u00e1n &#8220;bajo lupa&#8221;.. Tal como sucede en el municipio de Tatahuicapan.. Donde agencias de noticias informan que familiares del actual candidato a la alcald\u00eda, Vladimir Gonz\u00e1lez Mart\u00ednez, PRESUNTAMENTE golpe\u00f3 de manera &#8220;salvaje&#8221; a una mujer de ascendencia ind\u00edgena, durante un baile del cierre de las fiestas patronales de ese poblado.. Motivo por el cual, hay gran indignaci\u00f3n en esa zona serrana.. OJO porque las cosas pueden llegar a mayores..<\/p>\n\n\n\n<p>El asunto es un esc\u00e1ndalo en la sierra de Tatahuicapan porque el candidato a alcalde y su hermana, la presunta golpeadora, son hijos del presidente municipal, Eusebio Gonz\u00e1lez, qui\u00e9n fue el que provoc\u00f3 presuntamente el pleito por sacar a bailar a la joven Emelyn &#8220;N&#8221;.. Y lo acusan de no intervenir para calmar los \u00e1nimos, que mejor opt\u00f3 por marcharse y dejar que siguiera el pleito.. La polic\u00eda no intervino por tratarse de un familiar del alcalde.. OJO PT Veracruz.. \u00bfQu\u00e9 pasar\u00e1 cuando su candidato vaya a pedir el voto a la alcald\u00eda?.. El repudio en la sierra se puede generalizar y les puede afectar en otros municipios.. EL QUE ENTENDI\u00d3, ENTENDI\u00d3..<\/p>\n\n\n\n<p>EL MAL D\u00cdA DE SERGIO GUTI\u00c9RREZ LUNA.. Sin duda, ayer Sergio Guti\u00e9rrez Luna, el diputado federal minatitleco, presidente de la Mesa Directiva de la c\u00e1mara baja del Congreso de la Uni\u00f3n.. Vivi\u00f3 su PEOR D\u00cdA como legislador federal desde 2018.. Ya que ayer fue repudiado no s\u00f3lo por sus hom\u00f3logos de la oposici\u00f3n sino hasta de la misma 4T.. Lo acusaron de todo, las mismas diputadas del PT y MORENA, por el caso de la presunta protecci\u00f3n al famoso diputado, Cuauht\u00e9moc Blanco, acusado de presunta violaci\u00f3n sexual en contra de su media hermana cuando era gobernador de Morelos..<\/p>\n\n\n\n<p>Guti\u00e9rrez Luna podr\u00e1 decir que actu\u00f3 como correspond\u00eda como Presidente de esta C\u00e1mara.. Pero el tema Cuauht\u00e9moc Blanco era muy &#8220;candente&#8221; por lo medi\u00e1tico y pol\u00edtico a nivel nacional.. Y a \u00e9l le toc\u00f3 pagar gran parte de los &#8220;platos rotos&#8221;.. Sobre todo por la forma en que fue exhibido por sus compa\u00f1eras diputadas.. Quiz\u00e1s el legislador minatitleco hizo su trabajo para darle salida a un aliado de la 4T.. Pero el costo en lo personal es alto.. No lo van a olvidar f\u00e1cilmente y en Veracruz obvio que esto ser\u00e1 aprovechado por sus enemigos al interior de MORENA.. As\u00ed es la pol\u00edtica.. Dif\u00edcil caso.. AMEN..<\/p>\n","protected":false},"excerpt":{"rendered":"<p>Ricardo Chua El conflicto que se vive al interior de MORENA en Veracruz, son por los cientos de personajes que fueron aspirantes a ser candidatos en los 212 municipios en la entidad para la elecci\u00f3n a alcaldes, que se vivir\u00e1 el pr\u00f3ximo 1 de junio.. Y que fueron &#8220;DESPLAZADOS&#8221; porque no salieron elegidos como &#8220;Promotores&#8221; [&hellip;]<\/p>\n","protected":false},"author":29,"featured_media":177282,"comment_status":"open","ping_status":"open","sticky":false,"template":"","format":"standard","meta":{"_monsterinsights_skip_tracking":false,"_monsterinsights_sitenote_active":false,"_monsterinsights_sitenote_note":"","_monsterinsights_sitenote_category":0,"footnotes":""},"categories":[245],"tags":[327],"class_list":["post-177278","post","type-post","status-publish","format-standard","has-post-thumbnail","hentry","category-dialogos-de-poder","tag-ricardo-chua","wp-image-borders"],"amp_enabled":true,"_links":{"self":[{"href":"https:\/\/nvnoticias.mx\/index.php\/wp-json\/wp\/v2\/posts\/177278","targetHints":{"allow":["GET"]}}],"collection":[{"href":"https:\/\/nvnoticias.mx\/index.php\/wp-json\/wp\/v2\/posts"}],"about":[{"href":"https:\/\/nvnoticias.mx\/index.php\/wp-json\/wp\/v2\/types\/post"}],"author":[{"embeddable":true,"href":"https:\/\/nvnoticias.mx\/index.php\/wp-json\/wp\/v2\/users\/29"}],"replies":[{"embeddable":true,"href":"https:\/\/nvnoticias.mx\/index.php\/wp-json\/wp\/v2\/comments?post=177278"}],"version-history":[{"count":1,"href":"https:\/\/nvnoticias.mx\/index.php\/wp-json\/wp\/v2\/posts\/177278\/revisions"}],"predecessor-version":[{"id":177283,"href":"https:\/\/nvnoticias.mx\/index.php\/wp-json\/wp\/v2\/posts\/177278\/revisions\/177283"}],"wp:featuredmedia":[{"embeddable":true,"href":"https:\/\/nvnoticias.mx\/index.php\/wp-json\/wp\/v2\/media\/177282"}],"wp:attachment":[{"href":"https:\/\/nvnoticias.mx\/index.php\/wp-json\/wp\/v2\/media?parent=177278"}],"wp:term":[{"taxonomy":"category","embeddable":true,"href":"https:\/\/nvnoticias.mx\/index.php\/wp-json\/wp\/v2\/categories?post=177278"},{"taxonomy":"post_tag","embeddable":true,"href":"https:\/\/nvnoticias.mx\/index.php\/wp-json\/wp\/v2\/tags?post=177278"}],"curies":[{"name":"wp","href":"https:\/\/api.w.org\/{rel}","templated":true}]}}