{"id":177064,"date":"2025-03-24T10:01:26","date_gmt":"2025-03-24T16:01:26","guid":{"rendered":"https:\/\/nvnoticias.mx\/?p=177064"},"modified":"2025-03-24T10:01:28","modified_gmt":"2025-03-24T16:01:28","slug":"garantiza-sheinbaum-que-se-conocera-verdad-sobre-rancho-izaguirre","status":"publish","type":"post","link":"https:\/\/nvnoticias.mx\/index.php\/2025\/03\/24\/garantiza-sheinbaum-que-se-conocera-verdad-sobre-rancho-izaguirre\/","title":{"rendered":"Garantiza Sheinbaum que se conocer\u00e1 verdad sobre rancho Izaguirre"},"content":{"rendered":"\n<p>La presidenta Claudia Sheinbam Pardo garantiz\u00f3 que se conocer\u00e1 la verdad por el caso del rancho Izaguirre, en Teuchitl\u00e1n, Jalisco; y urgi\u00f3 a que la Fiscal\u00eda General de la Rep\u00fablica (FGR) atraiga ya el caso y tome el control del predio.<\/p>\n\n\n\n<p>Esto porque hasta ahora, remarc\u00f3, el lugar est\u00e1 bajo custodia de la fiscal\u00eda de justicia de Jalisco.<\/p>\n\n\n\n<p>En la ma\u00f1anera de este lunes, al hablar sobre el tema del rancho en Teuchitl\u00e1n, la mandataria federal subray\u00f3 que se conocer\u00e1 toda la verdad. \u201cNo la verdad construida por alguien, sino la verdad\u201d.<\/p>\n\n\n\n<p>Pidi\u00f3 al titular de la Secretar\u00eda de Seguridad y Protecci\u00f3n Ciudadana (SSPC), Omar Garcia Harfuch, reiterar lo que minutos antes confirm\u00f3: que se trataba de un campo de adiestramiento para el C\u00e1rtel Jalisco Nueva Generaci\u00f3n. Aunque, aclar\u00f3 el secretario, hasta ahora no hay indicios para determinar si hay o no restos humanos en ese predio.<\/p>\n\n\n\n<p>La jefa del Ejecutivo record\u00f3 que en su conferencia de prensa donde se habl\u00f3 de la atracci\u00f3n del caso, el fiscal general de la Rep\u00fablica, Alejandro Gertz Manero, se\u00f1al\u00f3 que \u201chasta ahora hay muchos problemas con esa investigaci\u00f3n; pero se necesita que la fiscal\u00eda general tome el predio y haga las investigaciones\u201d.<\/p>\n\n\n\n<p>Subray\u00f3 que m\u00e1s all\u00e1 de c\u00f3mo se ha vulnerado el lugar, tiene que iniciar un proceso de investigaci\u00f3n en el predio.<\/p>\n\n\n\n<p>\u201cSobre el tema del rancho queremos que inicie esta b\u00fasqueda, porque no sabemos qu\u00e9 hizo la fiscal\u00eda estatal. No pueden quedarse las cosas as\u00ed con la informaci\u00f3n que ha dado la fiscal\u00eda estatal\u201d.<\/p>\n\n\n\n<p>Para la mandataria, la detenci\u00f3n de Jos\u00e9 Gregorio Lastra Armida, alias \u201cEl Lastra\u201d \u2014quien era el principal reclutador para ese espacio del C\u00e1rtel Jalisco Nueva Generaci\u00f3n\u2014 \u201ces muy relevante y es parte de una investigaci\u00f3n que ya se estaba haciendo.<\/p>\n\n\n\n<p>En tanto, a\u00fan cuando minutos antes el secretario Garcia Harfuch afirm\u00f3 que con base en el testimonio de \u201cEl Lastra\u201d, en ese predio se torturaba y asesinaba a quienes no deseaban ser parte del adiestramiento, ante pregunta sobre si hay indicios de restos humanos en el lugar, lo rechaz\u00f3.<\/p>\n\n\n\n<p>Nosotros estamos haciendo nuestro trabajo, tan es as\u00ed que est\u00e1n disminuy\u00e9ndonoslos los homicidios en el pa\u00eds, y vamos a. Hacer nuestro trabajo siempre, la secretar\u00eda, la coordinaci\u00f3n con la FGR, todo lo que teng\u00e1moste que hacer y ahora esperamos que con un n uvero PJ haya m\u00e1s justicia,.<\/p>\n\n\n\n<p>Para dar certeza a los familiares, para que se haga justicia y tambi\u00e9n al pueblo de M\u00e9xico, porque este es un tema que hay que clarificarse, conocerse toda la verdad y todo lo que estamos haciendo par prevenir y atender la b\u00fasqueda.<\/p>\n\n\n\n<p>Necesitamos separar los casos, lo dije desde el primer d\u00eda que estuve aqu\u00ed, una cosa es el tema de desaparici\u00f3n, otra cosa es lo que pas\u00f3 en el rancho y otra cosa la actuaci\u00f3n de los medios y otra la de los adversarios que es vergonzosa, pero vamos poniendo cada cosa en su lugar.<\/p>\n\n\n\n<p>\u201cNo tenemos conocimiento. La FGR va a determinar si hay restos (humanos), nosotros no lo tenemos confirmado. En la primera operaci\u00f3n que hizo la Secretar\u00eda de la Defensa Nacional y la Guardia Nacional hab\u00eda un cuerpo y se detuvieron a diez personas\u201d, apunt\u00f3.<\/p>\n\n\n\n<p>Fuente: La <a href=\"https:\/\/www.jornada.com.mx\/noticia\/2025\/03\/24\/politica\/garantiza-sheinbaum-que-se-conocera-verdad-sobre-rancho-izaguirre\">Jornada<\/a> <\/p>\n\n\n\n<p><\/p>\n\n\n\n<p><\/p>\n\n\n\n<p><\/p>\n\n\n\n<p><\/p>\n\n\n\n<p><\/p>\n\n\n\n<p><\/p>\n\n\n\n<p><\/p>\n\n\n\n<p><\/p>\n\n\n\n<p><\/p>\n","protected":false},"excerpt":{"rendered":"<p>La presidenta Claudia Sheinbam Pardo garantiz\u00f3 que se conocer\u00e1 la verdad por el caso del rancho Izaguirre, en Teuchitl\u00e1n, Jalisco; y urgi\u00f3 a que la Fiscal\u00eda General de la Rep\u00fablica (FGR) atraiga ya el caso y tome el control del predio. Esto porque hasta ahora, remarc\u00f3, el lugar est\u00e1 bajo custodia de la fiscal\u00eda de [&hellip;]<\/p>\n","protected":false},"author":35,"featured_media":177065,"comment_status":"open","ping_status":"open","sticky":false,"template":"","format":"standard","meta":{"_monsterinsights_skip_tracking":false,"_monsterinsights_sitenote_active":false,"_monsterinsights_sitenote_note":"","_monsterinsights_sitenote_category":0,"footnotes":""},"categories":[157],"tags":[31731,2801,162],"class_list":["post-177064","post","type-post","status-publish","format-standard","has-post-thumbnail","hentry","category-nacional","tag-caso-izaguirre","tag-claudia-sheinbaum","tag-portada","wp-image-borders"],"amp_enabled":true,"_links":{"self":[{"href":"https:\/\/nvnoticias.mx\/index.php\/wp-json\/wp\/v2\/posts\/177064","targetHints":{"allow":["GET"]}}],"collection":[{"href":"https:\/\/nvnoticias.mx\/index.php\/wp-json\/wp\/v2\/posts"}],"about":[{"href":"https:\/\/nvnoticias.mx\/index.php\/wp-json\/wp\/v2\/types\/post"}],"author":[{"embeddable":true,"href":"https:\/\/nvnoticias.mx\/index.php\/wp-json\/wp\/v2\/users\/35"}],"replies":[{"embeddable":true,"href":"https:\/\/nvnoticias.mx\/index.php\/wp-json\/wp\/v2\/comments?post=177064"}],"version-history":[{"count":5,"href":"https:\/\/nvnoticias.mx\/index.php\/wp-json\/wp\/v2\/posts\/177064\/revisions"}],"predecessor-version":[{"id":177070,"href":"https:\/\/nvnoticias.mx\/index.php\/wp-json\/wp\/v2\/posts\/177064\/revisions\/177070"}],"wp:featuredmedia":[{"embeddable":true,"href":"https:\/\/nvnoticias.mx\/index.php\/wp-json\/wp\/v2\/media\/177065"}],"wp:attachment":[{"href":"https:\/\/nvnoticias.mx\/index.php\/wp-json\/wp\/v2\/media?parent=177064"}],"wp:term":[{"taxonomy":"category","embeddable":true,"href":"https:\/\/nvnoticias.mx\/index.php\/wp-json\/wp\/v2\/categories?post=177064"},{"taxonomy":"post_tag","embeddable":true,"href":"https:\/\/nvnoticias.mx\/index.php\/wp-json\/wp\/v2\/tags?post=177064"}],"curies":[{"name":"wp","href":"https:\/\/api.w.org\/{rel}","templated":true}]}}