{"id":177042,"date":"2025-03-24T09:15:28","date_gmt":"2025-03-24T15:15:28","guid":{"rendered":"https:\/\/nvnoticias.mx\/?p=177042"},"modified":"2025-03-24T09:15:29","modified_gmt":"2025-03-24T15:15:29","slug":"yunes-y-morena-los-30-dias","status":"publish","type":"post","link":"https:\/\/nvnoticias.mx\/index.php\/2025\/03\/24\/yunes-y-morena-los-30-dias\/","title":{"rendered":"Yunes y Morena, los 30 d\u00edas"},"content":{"rendered":"\n<p><\/p>\n\n\n\n<figure class=\"wp-block-pullquote\"><blockquote><p><strong>Ricardo Chua<\/strong><\/p><\/blockquote><\/figure>\n\n\n\n<p> Ayer se cumplieron 30 d\u00edas que la Comisi\u00f3n de Nacional de Honor y Justicia del partido MORENA.. Tiene en sus manos la decisi\u00f3n de si el senador, Miguel \u00c1ngel Yunes M\u00e1rquez, es ACEPTADO o NO como militante de MORENA.. Una decisi\u00f3n que est\u00e1 fuera de las manos de cualquier otro personaje morenista en Veracruz.. Ese organismo pol\u00edtico al interior del Comit\u00e9 Nacional, m\u00e1s bien, est\u00e1 en manos de Andr\u00e9s Manuel L\u00f3pez Beltr\u00e1n.. Que al final de cuentas, con la influencia que tiene este personaje dentro del partido.. Es que dar\u00e1 el VISTO BUENO o no para que Yunes M\u00e1rquez se adhiera a MORENA..<\/p>\n\n\n\n<p>Hay que recordar que la decisi\u00f3n que tome la Comisi\u00f3n Nacional de Honor y Justicia pocas veces, se echa para atr\u00e1s.. Ya que se supone hicieron un an\u00e1lisis o estudio para tomar una decisi\u00f3n del asunto que les compete.. As\u00ed que en este momento, el asunto Yunes en MORENA se encuentra a\u00fan en manos de ese organismo.. Se cuenta en CDMX que la decisi\u00f3n final sobre este caso, se va a tomar apenas terminen en MORENA de decidir quienes ser\u00e1n los candidatos a las alcald\u00edas de los 212 municipios de Veracruz.. De esa manera, pueden evitar alg\u00fan tipo de &#8220;contaminaci\u00f3n&#8221; del escenario por la decisi\u00f3n..<\/p>\n\n\n\n<p>As\u00ed que en Veracruz podr\u00e1n decir todo tipo de &#8220;misa&#8221; y hacer manifestaciones o ruedas de prensa.. Pero ahora ya est\u00e1 en manos de CEN de MORENA esa decisi\u00f3n si el senador es militante o no de su partido.. Por lo pronto, la figura de Miguel \u00c1ngel Yunes M\u00e1rquez, se encuentra de muy bajo perfil.. No ha posteado nada desde que dijo que \u00e9l esperaba la decisi\u00f3n de esta comisi\u00f3n sobre su futuro en MORENA.. Pero sin duda, la decisi\u00f3n que se tome al respecto de su persona ser\u00e1 pol\u00e9mica en Veracruz y en el Senado Mexicano.. Ya que sigue contando con el respaldo de Ad\u00e1n Augusto L\u00f3pez Hern\u00e1ndez..<\/p>\n\n\n\n<p>Adem\u00e1s se est\u00e1 viendo lo comentado en este espacio hace semanas, donde se mencion\u00f3 que ser\u00eda posible que el PVEM de Javier Herrera Borunda pudiera operar en Veracruz con el equipo Yunes que estaba en el PAN.. Y el primer caso ya se dio con la empresaria gasolinera y pol\u00edtica de La Antigua, Patricia Montiel.. Hace unos d\u00edas renunci\u00f3 al PAN y este fin de semana se inscribi\u00f3 en PVEM en Veracruz y fue Edgar Herrera Ledenchy (Primo de Javier) quien la integr\u00f3 a ese partido.. Montiel hab\u00eda sido candidata a diputada federal por el PAN-Yunes.. Ahora ya es &#8220;Verde&#8221;.. AL BUEN ENTENDEDOR..<\/p>\n\n\n\n<p>C\u00d3RDOBA, EL &#8220;FEUDO&#8221; DE ZENYAZEN.. A nadie le qued\u00f3 duda que la inclusi\u00f3n de Manuel Alonso Cerezo como el &#8220;Promotor&#8221; de la 4T en el municipio de C\u00f3rdoba, para despu\u00e9s volverlo candidato por MORENA a la alcald\u00eda, es una posici\u00f3n del diputado federal, Zenyazen Escobar Garc\u00eda.. Que sac\u00f3 esta candidatura, no en Veracruz, sino en CDMX.. Donde Luisa Mar\u00eda Alcalde y Andr\u00e9s Manuel L\u00f3pez Beltr\u00e1n le dieron por su lado al legislador, al colocar a este empresario como el aspirante oficial, sobre todos personajes que tambi\u00e9n la buscaban como la s\u00edndica, Van\u00eda L\u00f3pez Gonz\u00e1lez..<\/p>\n\n\n\n<p>El ex &#8220;Tarzan Boy&#8221; demostr\u00f3 as\u00ed que la comarca de C\u00f3rdoba es de \u00e9l.. Con el &#8220;permiso&#8221; de Roc\u00edo Nahle.. Pero es una realidad que Zenyazen tiene el control, ya que sin \u00e9l, qui\u00e9n manejar\u00eda a MORENA en ese municipio no ser\u00eda la gobernadora, ser\u00eda el senador, Manuel Huerta Ladr\u00f3n de Guevara.. Y eso es algo que obviamente en Veracruz, no lo iban a permitir.. Ya que Vania L\u00f3pez tiene el control del PVEM, pero en esa ciudad en MORENA son Zenyazen o Huerta.. Por eso decidieron por Alonso Cerezo, qui\u00e9n ahora tendr\u00e1 que hacerse pol\u00edtico porque no tiene mucho tiempo de aqu\u00ed a la campa\u00f1a..<\/p>\n\n\n\n<p>Motivo por el cual, Zenyazen tuvo la buena visi\u00f3n de llevar a cabo la Operaci\u00f3n &#8220;Cicatriz&#8221; en C\u00f3rdoba.. Al indicarle a Alonso que se sentar\u00e1 con los otros aspirantes que quedaron fuera de la jugada como Vania L\u00f3pez.. Firmar un &#8220;Pacto de Unidad&#8221; junto con la gente que tiene el nuevo delegado de Bienestar, Juan Javier G\u00f3mez Cazar\u00edn, en esa ciudad.. Y de una vez antes de que pasar\u00e1 otra cosa.. Sentar a Vania con Alonso para acabar con las &#8220;tormentas&#8221; y de esa manera evitar que los allegados al senador, Manuel Huerta, les empezaran a &#8220;meter ruido&#8221; en aquella ciudad..<\/p>\n\n\n\n<p>Sobre todo porque el PVEM ha &#8220;roto&#8221; la coalici\u00f3n con MORENA por las alcald\u00edas en municipios como Alvarado, Tuxpan y Medell\u00edn de Bravo.. No sea que tambi\u00e9n se les fuera &#8220;antojar&#8221; hacerlo en C\u00f3rdoba.. Lo que meter\u00eda en problemas a MORENA.. Sobre todo porque en esa ciudad, hay presencia de los &#8220;Verdes&#8221;, por primera vez en su historia han logrado una estructura municipal completa y mucha afiliaci\u00f3n de militantes.. De lo cual, se dieron cuenta Zenyazen y Juan Tress en las pasadas elecciones federales y locales, donde ambos &#8220;jugaron&#8221; para ser diputados..<\/p>\n\n\n\n<p>Raz\u00f3n por la cual, se dice que G\u00f3mez Cazar\u00edn fue quien recomend\u00f3 a Zenyazen hacer que Alonso Cerezo y Vania cerrar\u00e1n juntos.. Le record\u00f3 que en su campa\u00f1a federal, Zenyazen logr\u00f3 13 mil votos del PVEM.. Mientras que Juan Tress que era un desconocido en pol\u00edtica, obtuvo cerca de 7 mil 500 votos en el distrito.. Y este escenario fue por lo cual, Zenyazen hizo la &#8220;Operaci\u00f3n Cicatriz&#8221;.. Ya que en esta coalici\u00f3n en C\u00f3rdoba, el PVEM puede ser la minor\u00eda en n\u00fameros comparado con MORENA, pero esos votos son los que pueden definir el triunfo o la derrota de Alonso Cerezo.. LO QUE SE VE, NO SE JUZGA.. AMEN..<\/p>\n","protected":false},"excerpt":{"rendered":"<p>Ricardo Chua Ayer se cumplieron 30 d\u00edas que la Comisi\u00f3n de Nacional de Honor y Justicia del partido MORENA.. Tiene en sus manos la decisi\u00f3n de si el senador, Miguel \u00c1ngel Yunes M\u00e1rquez, es ACEPTADO o NO como militante de MORENA.. Una decisi\u00f3n que est\u00e1 fuera de las manos de cualquier otro personaje morenista en [&hellip;]<\/p>\n","protected":false},"author":29,"featured_media":177043,"comment_status":"open","ping_status":"open","sticky":false,"template":"","format":"standard","meta":{"_monsterinsights_skip_tracking":false,"_monsterinsights_sitenote_active":false,"_monsterinsights_sitenote_note":"","_monsterinsights_sitenote_category":0,"footnotes":""},"categories":[245],"tags":[327],"class_list":["post-177042","post","type-post","status-publish","format-standard","has-post-thumbnail","hentry","category-dialogos-de-poder","tag-ricardo-chua","wp-image-borders"],"amp_enabled":true,"_links":{"self":[{"href":"https:\/\/nvnoticias.mx\/index.php\/wp-json\/wp\/v2\/posts\/177042","targetHints":{"allow":["GET"]}}],"collection":[{"href":"https:\/\/nvnoticias.mx\/index.php\/wp-json\/wp\/v2\/posts"}],"about":[{"href":"https:\/\/nvnoticias.mx\/index.php\/wp-json\/wp\/v2\/types\/post"}],"author":[{"embeddable":true,"href":"https:\/\/nvnoticias.mx\/index.php\/wp-json\/wp\/v2\/users\/29"}],"replies":[{"embeddable":true,"href":"https:\/\/nvnoticias.mx\/index.php\/wp-json\/wp\/v2\/comments?post=177042"}],"version-history":[{"count":1,"href":"https:\/\/nvnoticias.mx\/index.php\/wp-json\/wp\/v2\/posts\/177042\/revisions"}],"predecessor-version":[{"id":177044,"href":"https:\/\/nvnoticias.mx\/index.php\/wp-json\/wp\/v2\/posts\/177042\/revisions\/177044"}],"wp:featuredmedia":[{"embeddable":true,"href":"https:\/\/nvnoticias.mx\/index.php\/wp-json\/wp\/v2\/media\/177043"}],"wp:attachment":[{"href":"https:\/\/nvnoticias.mx\/index.php\/wp-json\/wp\/v2\/media?parent=177042"}],"wp:term":[{"taxonomy":"category","embeddable":true,"href":"https:\/\/nvnoticias.mx\/index.php\/wp-json\/wp\/v2\/categories?post=177042"},{"taxonomy":"post_tag","embeddable":true,"href":"https:\/\/nvnoticias.mx\/index.php\/wp-json\/wp\/v2\/tags?post=177042"}],"curies":[{"name":"wp","href":"https:\/\/api.w.org\/{rel}","templated":true}]}}