{"id":177014,"date":"2025-03-23T13:02:56","date_gmt":"2025-03-23T19:02:56","guid":{"rendered":"https:\/\/nvnoticias.mx\/?p=177014"},"modified":"2025-03-23T13:02:57","modified_gmt":"2025-03-23T19:02:57","slug":"funcionarios-eu-defienden-uso-de-poderes-extraordinarios-para-deportar-migrantes","status":"publish","type":"post","link":"https:\/\/nvnoticias.mx\/index.php\/2025\/03\/23\/funcionarios-eu-defienden-uso-de-poderes-extraordinarios-para-deportar-migrantes\/","title":{"rendered":"Funcionarios EU defienden uso de poderes extraordinarios para deportar migrantes"},"content":{"rendered":"\n<p>Funcionarios de Donald Trump defendieron el domingo su uso de poderes de guerra extraordinarios para deportar a decenas de migrantes, a pesar de que un juez bloque\u00f3 la medida y Venezuela neg\u00f3 las afirmaciones estadunidenses de que los expulsados eran miembros de pandillas.<\/p>\n\n\n\n<p>&#8220;Es una guerra moderna, y vamos a seguir luchando contra eso y proteger a los ciudadanos estadunidenses&#8221;, dijo la fiscal general Pam Bondi en la cadena Fox News.<\/p>\n\n\n\n<p>Bondi se\u00f1al\u00f3 que la decisi\u00f3n de deportar a El Salvador a 137 migrantes venezolanos el pasado fin de semana estaba justificada porque eran miembros de la temida banda Tren de Aragua y supon\u00edan un riesgo para la seguridad.<\/p>\n\n\n\n<p>El ministro del Interior de Venezuela, Diosdado Cabello, sin embargo, dijo el viernes que ninguno de los deportados a El Salvador era miembro de la banda, que Washington ha declarado grupo terrorista. Familiares y defensores de inmigrantes de algunos de los hombres tambi\u00e9n han negado cualquier v\u00ednculo.<\/p>\n\n\n\n<p>El juez de distrito James Boasberg dijo el viernes que continuar\u00eda investigando si el Gobierno viol\u00f3 su orden de bloquear temporalmente el uso de la Ley de Enemigos Extranjeros de 1798 para las deportaciones, despu\u00e9s de que no logr\u00f3 que los dos vuelos que transportaban a los venezolanos volvieran a territorio estadounidense.<\/p>\n\n\n\n<p>La decisi\u00f3n de deportar a los migrantes venezolanos a pesar de la orden del juez que bloqueaba la medida fue vista por algunos juristas como una escalada en la confrontaci\u00f3n de Trump con el poder judicial.<\/p>\n\n\n\n<p>Fuente: La <a href=\"https:\/\/www.jornada.com.mx\/noticia\/2025\/03\/23\/mundo\/funcionarios-eu-defienden-uso-de-poderes-extraordinarios-para-deportar-inmigrantes\">Jornada<\/a> <\/p>\n\n\n\n<p><\/p>\n\n\n\n<p><\/p>\n\n\n\n<p><\/p>\n\n\n\n<p><\/p>\n\n\n\n<p><\/p>\n","protected":false},"excerpt":{"rendered":"<p>Funcionarios de Donald Trump defendieron el domingo su uso de poderes de guerra extraordinarios para deportar a decenas de migrantes, a pesar de que un juez bloque\u00f3 la medida y Venezuela neg\u00f3 las afirmaciones estadunidenses de que los expulsados eran miembros de pandillas. &#8220;Es una guerra moderna, y vamos a seguir luchando contra eso y [&hellip;]<\/p>\n","protected":false},"author":35,"featured_media":177015,"comment_status":"open","ping_status":"open","sticky":false,"template":"","format":"standard","meta":{"_monsterinsights_skip_tracking":false,"_monsterinsights_sitenote_active":false,"_monsterinsights_sitenote_note":"","_monsterinsights_sitenote_category":0,"footnotes":""},"categories":[181],"tags":[183,908,162],"class_list":["post-177014","post","type-post","status-publish","format-standard","has-post-thumbnail","hentry","category-internacional","tag-estados-unidos","tag-inmigrantes","tag-portada","wp-image-borders"],"amp_enabled":true,"_links":{"self":[{"href":"https:\/\/nvnoticias.mx\/index.php\/wp-json\/wp\/v2\/posts\/177014","targetHints":{"allow":["GET"]}}],"collection":[{"href":"https:\/\/nvnoticias.mx\/index.php\/wp-json\/wp\/v2\/posts"}],"about":[{"href":"https:\/\/nvnoticias.mx\/index.php\/wp-json\/wp\/v2\/types\/post"}],"author":[{"embeddable":true,"href":"https:\/\/nvnoticias.mx\/index.php\/wp-json\/wp\/v2\/users\/35"}],"replies":[{"embeddable":true,"href":"https:\/\/nvnoticias.mx\/index.php\/wp-json\/wp\/v2\/comments?post=177014"}],"version-history":[{"count":4,"href":"https:\/\/nvnoticias.mx\/index.php\/wp-json\/wp\/v2\/posts\/177014\/revisions"}],"predecessor-version":[{"id":177019,"href":"https:\/\/nvnoticias.mx\/index.php\/wp-json\/wp\/v2\/posts\/177014\/revisions\/177019"}],"wp:featuredmedia":[{"embeddable":true,"href":"https:\/\/nvnoticias.mx\/index.php\/wp-json\/wp\/v2\/media\/177015"}],"wp:attachment":[{"href":"https:\/\/nvnoticias.mx\/index.php\/wp-json\/wp\/v2\/media?parent=177014"}],"wp:term":[{"taxonomy":"category","embeddable":true,"href":"https:\/\/nvnoticias.mx\/index.php\/wp-json\/wp\/v2\/categories?post=177014"},{"taxonomy":"post_tag","embeddable":true,"href":"https:\/\/nvnoticias.mx\/index.php\/wp-json\/wp\/v2\/tags?post=177014"}],"curies":[{"name":"wp","href":"https:\/\/api.w.org\/{rel}","templated":true}]}}