{"id":17700,"date":"2021-07-03T11:50:18","date_gmt":"2021-07-03T16:50:18","guid":{"rendered":"https:\/\/nvnoticias.mx\/?p=17700"},"modified":"2021-07-03T11:50:19","modified_gmt":"2021-07-03T16:50:19","slug":"emite-nuevo-decreto-para-reducir-contagios-de-covid-19","status":"publish","type":"post","link":"https:\/\/nvnoticias.mx\/index.php\/2021\/07\/03\/emite-nuevo-decreto-para-reducir-contagios-de-covid-19\/","title":{"rendered":"Emite Gobernador nuevo decreto para reducir contagios de covid-19"},"content":{"rendered":"\n<p><strong>Sam Ojeda&nbsp;\/ NV Noticias<\/strong><\/p>\n\n\n\n<p>Xalapa.- Ante el incremento en el n\u00famero de casos con covid-19 en Veracruz, el gobernador Cuitl\u00e1huac Garc\u00eda Jim\u00e9nez emiti\u00f3 un decreto para implementar por segunda semana el decreto \u201cno hagas olas, evita la tercera\u201d,<\/p>\n\n\n\n<p><strong>El decreto se aplicar\u00e1 a partir del lunes 5 de julio debido al incremento de contagios por covid-19,<\/strong> con lo cual buscan reducir el n\u00famero de casos en el estado de Veracruz.<\/p>\n\n\n\n<p>Del lunes 5 al 13 de julio se exhorta a la poblaci\u00f3n, en especial a los j\u00f3venes, a que se autorregulen y hagan conciencia para evitar aglomeraciones en lugares abiertos y cerrados.<\/p>\n\n\n\n<p>Adem\u00e1s, pide mantener las medidas sanitarias y recomendaciones generales como la sana distancia, como el buen uso del cubrebocas y lavado de manos, as\u00ed como a retomar estrictamente dichas medidas correspondientes al sem\u00e1foro epidemiol\u00f3gico municipal que ha emitido la autoridad sanitaria del Estado.<\/p>\n\n\n\n<p>A los presidentes municipales coadyuvar a que la poblaci\u00f3n aplique las medidas sanitarias y recomendaciones generales, como sana distancia, buen uso del cubrebocas y lavado de manos; en la vigilancia para dar cumplimiento al sistema de semaforizaci\u00f3n regional por municipios.<\/p>\n\n\n\n<p>En el \u00e1mbito de su competencia, contin\u00faen fortaleciendo la colaboraci\u00f3n con las autoridades sanitarias estatales, en las acciones tendientes a proteger los derechos a la vida, salud e integridad personal, frente al riesgo que representa la pandemia.<\/p>\n\n\n\n<p>Cabe destacar que en el estado suman 65 mil 904, lo cual significa 261 nuevos casos confirmados de covid-19 en la entidad, as\u00ed como mil 726 casos activos. Adem\u00e1s, en la entidad veracruzana han fallecido 10 mil 164 personas a causa de complicaciones de esta enfermedad.&nbsp;<\/p>\n","protected":false},"excerpt":{"rendered":"<p>Sam Ojeda&nbsp;\/ NV Noticias Xalapa.- Ante el incremento en el n\u00famero de casos con covid-19 en Veracruz, el gobernador Cuitl\u00e1huac Garc\u00eda Jim\u00e9nez emiti\u00f3 un decreto para implementar por segunda semana el decreto \u201cno hagas olas, evita la tercera\u201d, El decreto se aplicar\u00e1 a partir del lunes 5 de julio debido al incremento de contagios por [&hellip;]<\/p>\n","protected":false},"author":6,"featured_media":17702,"comment_status":"open","ping_status":"open","sticky":false,"template":"","format":"standard","meta":{"_monsterinsights_skip_tracking":false,"_monsterinsights_sitenote_active":false,"_monsterinsights_sitenote_note":"","_monsterinsights_sitenote_category":0,"footnotes":""},"categories":[156],"tags":[293,175,3077,162],"class_list":["post-17700","post","type-post","status-publish","format-standard","has-post-thumbnail","hentry","category-estado","tag-contagios","tag-covid-19","tag-decreto","tag-portada","wp-image-borders"],"amp_enabled":true,"_links":{"self":[{"href":"https:\/\/nvnoticias.mx\/index.php\/wp-json\/wp\/v2\/posts\/17700","targetHints":{"allow":["GET"]}}],"collection":[{"href":"https:\/\/nvnoticias.mx\/index.php\/wp-json\/wp\/v2\/posts"}],"about":[{"href":"https:\/\/nvnoticias.mx\/index.php\/wp-json\/wp\/v2\/types\/post"}],"author":[{"embeddable":true,"href":"https:\/\/nvnoticias.mx\/index.php\/wp-json\/wp\/v2\/users\/6"}],"replies":[{"embeddable":true,"href":"https:\/\/nvnoticias.mx\/index.php\/wp-json\/wp\/v2\/comments?post=17700"}],"version-history":[{"count":1,"href":"https:\/\/nvnoticias.mx\/index.php\/wp-json\/wp\/v2\/posts\/17700\/revisions"}],"predecessor-version":[{"id":17701,"href":"https:\/\/nvnoticias.mx\/index.php\/wp-json\/wp\/v2\/posts\/17700\/revisions\/17701"}],"wp:featuredmedia":[{"embeddable":true,"href":"https:\/\/nvnoticias.mx\/index.php\/wp-json\/wp\/v2\/media\/17702"}],"wp:attachment":[{"href":"https:\/\/nvnoticias.mx\/index.php\/wp-json\/wp\/v2\/media?parent=17700"}],"wp:term":[{"taxonomy":"category","embeddable":true,"href":"https:\/\/nvnoticias.mx\/index.php\/wp-json\/wp\/v2\/categories?post=17700"},{"taxonomy":"post_tag","embeddable":true,"href":"https:\/\/nvnoticias.mx\/index.php\/wp-json\/wp\/v2\/tags?post=17700"}],"curies":[{"name":"wp","href":"https:\/\/api.w.org\/{rel}","templated":true}]}}