{"id":176963,"date":"2025-03-23T12:33:32","date_gmt":"2025-03-23T18:33:32","guid":{"rendered":"https:\/\/nvnoticias.mx\/?p=176963"},"modified":"2025-03-23T12:33:33","modified_gmt":"2025-03-23T18:33:33","slug":"es-importante-que-todo-el-pueblo-sepa-que-paso-en-el-rancho-izaguirre-sheinbaum","status":"publish","type":"post","link":"https:\/\/nvnoticias.mx\/index.php\/2025\/03\/23\/es-importante-que-todo-el-pueblo-sepa-que-paso-en-el-rancho-izaguirre-sheinbaum\/","title":{"rendered":"Es importante &#8220;que todo el pueblo sepa qu\u00e9 pas\u00f3 en el rancho Izaguirre&#8221;: Sheinbaum"},"content":{"rendered":"\n<p>Tras celebrar que la Fiscal\u00eda General de la Rep\u00fablica (FGR) permitiera el jueves el ingreso al rancho Izaguirre, en Teuchitl\u00e1n, Jalisco, para que cada quien sacara sus conclusiones, ante la ola de versiones que hay sobre el inmueble, la presidenta Claudia Sheinbaum Pardo resalt\u00f3 su compromiso de seguir atendiendo de forma integral el problema de desapariciones, desde la prevenci\u00f3n, la sanci\u00f3n y seguir buscando.<\/p>\n\n\n\n<p>Aclar\u00f3 que eso no tiene que ver con el predio, y anticip\u00f3 que la siguiente semana presentar\u00e1 la informaci\u00f3n respecto a c\u00f3mo se construy\u00f3 esta historia sobre el campo de exterminio.<\/p>\n\n\n\n<p>\u00bfQui\u00e9nes fueron los que hablaron por primera vez de esto? Eso ya lo vamos a terminar, pero no queremos que se vincule una cosa con la otra.<\/p>\n\n\n\n<p>En la ma\u00f1anera del pueblo indic\u00f3 que la desaparici\u00f3n de personas est\u00e1 vinculada principalmente a la delincuencia organizada, y record\u00f3 que \u201chubo una \u00e9poca en la que la desaparici\u00f3n forzada la perpetraba el Estado.<\/p>\n\n\n\n<p>Desaparec\u00eda a personas que pol\u00edticamente estaban en contra del gobierno, es otra historia, distinta a lo que ocurre ahora, abund\u00f3.<\/p>\n\n\n\n<p>Tambi\u00e9n critic\u00f3 que muchas veces se utiliza a los familiares de las v\u00edctimas, que tienen un dolor enorme, y nosotros nunca nos vamos a confrontar con ellos para ser parte de una narrativa.<\/p>\n\n\n\n<p>La Presidenta reiter\u00f3 que la investigaci\u00f3n en el rancho debe ser a fondo, y eso le toca ahora a la fiscal\u00eda general con la informaci\u00f3n que le d\u00e9 la fiscal\u00eda estatal.<\/p>\n\n\n\n<p>Pidi\u00f3 que cada uno de los que antier fueron al rancho diga con responsabilidad lo que vio.<\/p>\n\n\n\n<p>Pero queremos, primero, el fortalecimiento de las leyes y todo lo que tiene que ver con el problema de la desaparici\u00f3n como delito, y c\u00f3mo lo atiende el Estado mexicano, el gobierno, la fiscal\u00eda, los jueces.<\/p>\n\n\n\n<p>Nosotros, sostuvo, estamos haciendo nuestro trabajo, y tiene que ver con el del gabinete de seguridad para disminuir los delitos en el pa\u00eds; tiene que ver con decir la verdad siempre, y tiene que ver tambi\u00e9n con el derecho de r\u00e9plica.<\/p>\n\n\n\n<p>Resalt\u00f3 que lo importante es que todo el pueblo de M\u00e9xico sepa qu\u00e9 pas\u00f3 ah\u00ed, y c\u00f3mo y qui\u00e9n construyen estas historias.<\/p>\n\n\n\n<p>Vamos a presentar, insisti\u00f3, qui\u00e9n fue el primero de la oposici\u00f3n que habl\u00f3 de los supuestos crematorios, c\u00f3mo se fue retomando y c\u00f3mo despu\u00e9s sali\u00f3 lo de \u2018narcopresidenta\u2019 y \u2018narcorpresidente\u2019\u201d.<\/p>\n\n\n\n<p>Muchos de ellos fueron funcionarios de (Felipe) Calder\u00f3n y pregunt\u00f3 por qu\u00e9 no hablan de Genaro Garc\u00eda Luna \u2013preso en Estados Unidos por sus v\u00ednculos con el crimen organizado\u2013 y \u00bfpor qu\u00e9 no hablan de la guerra contra el&nbsp;<em>narco<\/em>?, insisti\u00f3.<\/p>\n\n\n\n<p>La titular del Ejecutivo federal consider\u00f3 que hay mucha hipocres\u00eda en (el senador) Marko Cort\u00e9s o en el presidente del PAN (Jorge Romero), el jefe del c\u00e1rtel inmobiliario, despu\u00e9s de que el primero pidi\u00f3 apoyo internacional para investigar el caso Teuchitl\u00e1n.<\/p>\n\n\n\n<p>No construimos verdades, siempre decimos la verdad y tampoco vamos a tapar nada&#8230; La verdad es la verdad, insisti\u00f3. Lo que encuentre la fiscal\u00eda y no la construcci\u00f3n de historias.<\/p>\n\n\n\n<p>Al ser interrogada sobre la posibilidad de que existan investigaciones en Estados Unidos contra Felipe Calder\u00f3n, afirm\u00f3 que ya fue juzgado por el pueblo de M\u00e9xico, pues dej\u00f3 un mal legado en la historia del pa\u00eds y eso no se lo va a quitar nunca.<\/p>\n\n\n\n<p>Si hay alg\u00fan tema en la fiscal\u00eda, que proceda, pero como gobierno no lo vamos a hacer, estableci\u00f3.<\/p>\n\n\n\n<p>Fuente: La <a href=\"https:\/\/www.jornada.com.mx\/noticia\/2025\/03\/22\/politica\/es-importante-que-todo-el-pueblo-sepa-que-paso-en-el-rancho-izaguirre-sheinbaum\">Jornada<\/a><\/p>\n\n\n\n<p><\/p>\n\n\n\n<p><\/p>\n\n\n\n<p><\/p>\n","protected":false},"excerpt":{"rendered":"<p>Tras celebrar que la Fiscal\u00eda General de la Rep\u00fablica (FGR) permitiera el jueves el ingreso al rancho Izaguirre, en Teuchitl\u00e1n, Jalisco, para que cada quien sacara sus conclusiones, ante la ola de versiones que hay sobre el inmueble, la presidenta Claudia Sheinbaum Pardo resalt\u00f3 su compromiso de seguir atendiendo de forma integral el problema de [&hellip;]<\/p>\n","protected":false},"author":35,"featured_media":176966,"comment_status":"open","ping_status":"open","sticky":false,"template":"","format":"standard","meta":{"_monsterinsights_skip_tracking":false,"_monsterinsights_sitenote_active":false,"_monsterinsights_sitenote_note":"","_monsterinsights_sitenote_category":0,"footnotes":""},"categories":[157],"tags":[31731,2801],"class_list":["post-176963","post","type-post","status-publish","format-standard","has-post-thumbnail","hentry","category-nacional","tag-caso-izaguirre","tag-claudia-sheinbaum","wp-image-borders"],"amp_enabled":true,"_links":{"self":[{"href":"https:\/\/nvnoticias.mx\/index.php\/wp-json\/wp\/v2\/posts\/176963","targetHints":{"allow":["GET"]}}],"collection":[{"href":"https:\/\/nvnoticias.mx\/index.php\/wp-json\/wp\/v2\/posts"}],"about":[{"href":"https:\/\/nvnoticias.mx\/index.php\/wp-json\/wp\/v2\/types\/post"}],"author":[{"embeddable":true,"href":"https:\/\/nvnoticias.mx\/index.php\/wp-json\/wp\/v2\/users\/35"}],"replies":[{"embeddable":true,"href":"https:\/\/nvnoticias.mx\/index.php\/wp-json\/wp\/v2\/comments?post=176963"}],"version-history":[{"count":3,"href":"https:\/\/nvnoticias.mx\/index.php\/wp-json\/wp\/v2\/posts\/176963\/revisions"}],"predecessor-version":[{"id":176967,"href":"https:\/\/nvnoticias.mx\/index.php\/wp-json\/wp\/v2\/posts\/176963\/revisions\/176967"}],"wp:featuredmedia":[{"embeddable":true,"href":"https:\/\/nvnoticias.mx\/index.php\/wp-json\/wp\/v2\/media\/176966"}],"wp:attachment":[{"href":"https:\/\/nvnoticias.mx\/index.php\/wp-json\/wp\/v2\/media?parent=176963"}],"wp:term":[{"taxonomy":"category","embeddable":true,"href":"https:\/\/nvnoticias.mx\/index.php\/wp-json\/wp\/v2\/categories?post=176963"},{"taxonomy":"post_tag","embeddable":true,"href":"https:\/\/nvnoticias.mx\/index.php\/wp-json\/wp\/v2\/tags?post=176963"}],"curies":[{"name":"wp","href":"https:\/\/api.w.org\/{rel}","templated":true}]}}