{"id":176954,"date":"2025-03-23T12:17:20","date_gmt":"2025-03-23T18:17:20","guid":{"rendered":"https:\/\/nvnoticias.mx\/?p=176954"},"modified":"2025-03-23T12:17:21","modified_gmt":"2025-03-23T18:17:21","slug":"no-se-contempla-presupuesto-adicional-para-demandas-sheinbaum","status":"publish","type":"post","link":"https:\/\/nvnoticias.mx\/index.php\/2025\/03\/23\/no-se-contempla-presupuesto-adicional-para-demandas-sheinbaum\/","title":{"rendered":"No se contempla presupuesto adicional para demandas: Sheinbaum"},"content":{"rendered":"\n<p>La presidenta Claudia Sheinbaum Pardo afirm\u00f3 ayer que no puede comprometer presupuesto adicional para responder a las demandas de la Coordinadora Nacional de Trabajadores de la Educaci\u00f3n (CNTE) y llam\u00f3 al magisterio a difundir los compromisos que su gobierno ha adquirido con ellos, como el retiro de la iniciativa de reforma a la Ley del Issste.<\/p>\n\n\n\n<p>Ojal\u00e1 pudi\u00e9ramos dar m\u00e1s, pero a veces no podemos comprometer un presupuesto que no existe, declar\u00f3 en su conferencia matutina en Palacio Nacional, donde reiter\u00f3 su disposici\u00f3n al di\u00e1logo con los docentes.<\/p>\n\n\n\n<p>La mandataria subray\u00f3 que su administraci\u00f3n congel\u00f3 la edad de jubilaci\u00f3n y condon\u00f3 deudas del Fovissste. Tambi\u00e9n record\u00f3 que los maestros jubilados podr\u00e1n recibir la pensi\u00f3n universal para adultos mayores, lo que fortalecer\u00e1 su estabilidad econ\u00f3mica tras el retiro. Se\u00f1al\u00f3 que estas medidas forman parte del compromiso de su gobierno con el bienestar del magisterio y la protecci\u00f3n de sus derechos laborales.<\/p>\n\n\n\n<p>Explic\u00f3 que la iniciativa de reforma al Issste no perjudicaba a los profesores, sino que buscaba condonar deudas y aumentar las aportaciones de altos funcionarios para fortalecer el sistema de salud del instituto. Sin embargo, para evitar conflictos, dijo, su gobierno decidi\u00f3 retirarla.<\/p>\n\n\n\n<p>La Presidenta reiter\u00f3 que su administraci\u00f3n respalda a los docentes y que la reforma educativa impulsada por el ex presidente Enrique Pe\u00f1a Nieto fue punitiva. Destac\u00f3 que el gobierno de Andr\u00e9s Manuel L\u00f3pez Obrador basific\u00f3 a un mill\u00f3n de docentes y mejor\u00f3 sus condiciones salariales y de pensi\u00f3n, aunque reconoci\u00f3 que a\u00fan hay inconformidades en cuanto a los mecanismos de promoci\u00f3n y reconocimiento.<\/p>\n\n\n\n<p>Para atender estas preocupaciones, Sheinbaum propuso realizar foros en todas las escuelas del pa\u00eds para construir una propuesta educativa basada en la opini\u00f3n del magisterio. No ser\u00e1 s\u00f3lo idea del gobierno ni de las dirigencias sindicales, sino que preguntaremos a los maestros c\u00f3mo quieren que esto se modifique. Adelant\u00f3 que estos encuentros servir\u00e1n para recoger propuestas directas de los docentes y garantizar que las reformas futuras respondan a sus necesidades reales.<\/p>\n\n\n\n<p>Fuente: La <a href=\"https:\/\/www.jornada.com.mx\/noticia\/2025\/03\/22\/politica\/sheinbaum-a-cnte-no-se-contempla-presupuesto-adicional-para-demandas\">Jornada<\/a><\/p>\n\n\n\n<p><\/p>\n\n\n\n<p><\/p>\n\n\n\n<p><\/p>\n\n\n\n<p><\/p>\n\n\n\n<p><\/p>\n","protected":false},"excerpt":{"rendered":"<p>La presidenta Claudia Sheinbaum Pardo afirm\u00f3 ayer que no puede comprometer presupuesto adicional para responder a las demandas de la Coordinadora Nacional de Trabajadores de la Educaci\u00f3n (CNTE) y llam\u00f3 al magisterio a difundir los compromisos que su gobierno ha adquirido con ellos, como el retiro de la iniciativa de reforma a la Ley del [&hellip;]<\/p>\n","protected":false},"author":35,"featured_media":144742,"comment_status":"open","ping_status":"open","sticky":false,"template":"","format":"standard","meta":{"_monsterinsights_skip_tracking":false,"_monsterinsights_sitenote_active":false,"_monsterinsights_sitenote_note":"","_monsterinsights_sitenote_category":0,"footnotes":""},"categories":[157],"tags":[2801,2976],"class_list":["post-176954","post","type-post","status-publish","format-standard","has-post-thumbnail","hentry","category-nacional","tag-claudia-sheinbaum","tag-cnte","wp-image-borders"],"amp_enabled":true,"_links":{"self":[{"href":"https:\/\/nvnoticias.mx\/index.php\/wp-json\/wp\/v2\/posts\/176954","targetHints":{"allow":["GET"]}}],"collection":[{"href":"https:\/\/nvnoticias.mx\/index.php\/wp-json\/wp\/v2\/posts"}],"about":[{"href":"https:\/\/nvnoticias.mx\/index.php\/wp-json\/wp\/v2\/types\/post"}],"author":[{"embeddable":true,"href":"https:\/\/nvnoticias.mx\/index.php\/wp-json\/wp\/v2\/users\/35"}],"replies":[{"embeddable":true,"href":"https:\/\/nvnoticias.mx\/index.php\/wp-json\/wp\/v2\/comments?post=176954"}],"version-history":[{"count":4,"href":"https:\/\/nvnoticias.mx\/index.php\/wp-json\/wp\/v2\/posts\/176954\/revisions"}],"predecessor-version":[{"id":176958,"href":"https:\/\/nvnoticias.mx\/index.php\/wp-json\/wp\/v2\/posts\/176954\/revisions\/176958"}],"wp:featuredmedia":[{"embeddable":true,"href":"https:\/\/nvnoticias.mx\/index.php\/wp-json\/wp\/v2\/media\/144742"}],"wp:attachment":[{"href":"https:\/\/nvnoticias.mx\/index.php\/wp-json\/wp\/v2\/media?parent=176954"}],"wp:term":[{"taxonomy":"category","embeddable":true,"href":"https:\/\/nvnoticias.mx\/index.php\/wp-json\/wp\/v2\/categories?post=176954"},{"taxonomy":"post_tag","embeddable":true,"href":"https:\/\/nvnoticias.mx\/index.php\/wp-json\/wp\/v2\/tags?post=176954"}],"curies":[{"name":"wp","href":"https:\/\/api.w.org\/{rel}","templated":true}]}}