{"id":176713,"date":"2025-03-20T09:39:30","date_gmt":"2025-03-20T15:39:30","guid":{"rendered":"https:\/\/nvnoticias.mx\/?p=176713"},"modified":"2025-03-20T09:39:32","modified_gmt":"2025-03-20T15:39:32","slug":"kim-kardashian-considera-solicitar-la-custodia-total-de-sus-hijos-y-apartar-a-kanye-west","status":"publish","type":"post","link":"https:\/\/nvnoticias.mx\/index.php\/2025\/03\/20\/kim-kardashian-considera-solicitar-la-custodia-total-de-sus-hijos-y-apartar-a-kanye-west\/","title":{"rendered":"Kim Kardashian considera solicitar la custodia total de sus hijos y apartar a Kanye West"},"content":{"rendered":"\n<p>Kim Kardashian\u00a0est\u00e1 considerando acudir a los tribunales para modificar el acuerdo de custodia que mantiene con su exesposo,\u00a0<strong>Kanye West<\/strong>, luego de que este lanzara\u00a0una canci\u00f3n en la que participa su hija mayor, North West, sin su consentimiento.<\/p>\n\n\n\n<p>Seg\u00fan TMZ, la empresaria analiza solicitar\u00a0<strong>la custodia legal exclusiva de sus cuatro hijos<\/strong>, argumentando que el artista no ha respetado los t\u00e9rminos de su divorcio.<\/p>\n\n\n\n<p>El acuerdo de divorcio, finalizado en 2022, establece que Kardashian y West comparten la custodia f\u00edsica y legal de&nbsp;<strong>North<\/strong>, de 11 a\u00f1os,&nbsp;<strong>Saint<\/strong>, de 9,&nbsp;<strong>Chicago<\/strong>, de 7, y&nbsp;<strong>Psalm<\/strong>, de 5.<\/p>\n\n\n\n<p>Sin embargo, fuentes cercanas aseguran que\u00a0<strong>el rapero rara vez ve a sus hijos<\/strong>, por lo que la disputa no est\u00e1 relacionada con la convivencia, sino con la toma de decisiones sobre su crianza.<\/p>\n\n\n\n<p>La socialit\u00e9 pidi\u00f3&nbsp;<strong>una audiencia de emergencia<\/strong>despu\u00e9s de enterarse de que West planeaba lanzar el tema \u201c<strong>Lonely Roads Still Go to Sunshine<\/strong>\u201d.<\/p>\n\n\n\n<p>En dicha producci\u00f3n, North colabora junto a&nbsp;<a href=\"https:\/\/www.infobae.com\/entretenimiento\/2025\/03\/07\/amber-rose-invitada-frecuente-de-diddy-combs-conto-que-fue-lo-que-vio-en-sus-fiestas\/\" rel=\"noreferrer noopener\" target=\"_blank\">Sean Diddy Combs<\/a>, productor musical que actualmente enfrenta m\u00faltiples acusaciones, incluyendo&nbsp;<strong>abuso sexual y crimen organizado<\/strong>.<\/p>\n\n\n\n<p>Aunque el m\u00fasico acord\u00f3 no publicar la canci\u00f3n tras la reuni\u00f3n con los abogados y un mediador, termin\u00f3 comparti\u00e9ndola en X (antes Twitter) al d\u00eda siguiente.<\/p>\n\n\n\n<p>En la publicaci\u00f3n, Kanye escribi\u00f3: \u201cLONELY ROADS STILL GO TO SUNSHINE n<strong>ueva canci\u00f3n de PUFF DADDY feat. Su hijo KING COMBS mi hija NORTH WEST<\/strong>&nbsp;y la nueva artista Yeezy de Chicago Jasmine Williams\u201d.<\/p>\n\n\n\n<p>El lanzamiento de la canci\u00f3n gener\u00f3 un enfrentamiento entre la expareja, lo que llev\u00f3 a&nbsp;<strong>Kanye West<\/strong>&nbsp;a compartir en redes sociales capturas de pantalla de una conversaci\u00f3n privada con&nbsp;<strong>Kim Kardashian<\/strong>, quien&nbsp;<strong>intent\u00f3 evitar la participaci\u00f3n de su hija en el proyecto musical de Diddy<\/strong>.<\/p>\n\n\n\n<p>\u201c<strong>No voy a volver a hablar contigo<\/strong>\u201d, escribi\u00f3 el rapero en un mensaje dirigido a su exesposa.<\/p>\n\n\n\n<p>Kardashian respondi\u00f3 mencionando que hab\u00eda solicitado el registro del nombre de North para protegerla.<\/p>\n\n\n\n<p>\u201cTe pregunt\u00e9 en su momento si pod\u00eda registrar su nombre. Dijiste que s\u00ed.&nbsp;<strong>Cuando tenga 18 a\u00f1os, ser\u00e1 suyo. As\u00ed que para<\/strong>\u201d, expres\u00f3 en los mensajes filtrados.<\/p>\n\n\n\n<p><strong>TMZ reporta que Kim Kardashian puso fin abruptamente a la visita de su hija<\/strong><\/p>\n\n\n\n<p>Luego de que su equipo de seguridad le informara que Kanye hab\u00eda invitado a Andrew Tate mientras North estaba presente.<\/p>\n\n\n\n<p><\/p>\n\n\n\n<p><\/p>\n\n\n\n<p><\/p>\n\n\n\n<p><\/p>\n\n\n\n<p><\/p>\n\n\n\n<p><\/p>\n\n\n\n<p><\/p>\n","protected":false},"excerpt":{"rendered":"<p>Kim Kardashian\u00a0est\u00e1 considerando acudir a los tribunales para modificar el acuerdo de custodia que mantiene con su exesposo,\u00a0Kanye West, luego de que este lanzara\u00a0una canci\u00f3n en la que participa su hija mayor, North West, sin su consentimiento. Seg\u00fan TMZ, la empresaria analiza solicitar\u00a0la custodia legal exclusiva de sus cuatro hijos, argumentando que el artista no [&hellip;]<\/p>\n","protected":false},"author":35,"featured_media":176719,"comment_status":"open","ping_status":"open","sticky":false,"template":"","format":"standard","meta":{"_monsterinsights_skip_tracking":false,"_monsterinsights_sitenote_active":false,"_monsterinsights_sitenote_note":"","_monsterinsights_sitenote_category":0,"footnotes":""},"categories":[576],"tags":[5872,7253],"class_list":["post-176713","post","type-post","status-publish","format-standard","has-post-thumbnail","hentry","category-ocio","tag-kanye-west","tag-kim-kardashian","wp-image-borders"],"amp_enabled":true,"_links":{"self":[{"href":"https:\/\/nvnoticias.mx\/index.php\/wp-json\/wp\/v2\/posts\/176713","targetHints":{"allow":["GET"]}}],"collection":[{"href":"https:\/\/nvnoticias.mx\/index.php\/wp-json\/wp\/v2\/posts"}],"about":[{"href":"https:\/\/nvnoticias.mx\/index.php\/wp-json\/wp\/v2\/types\/post"}],"author":[{"embeddable":true,"href":"https:\/\/nvnoticias.mx\/index.php\/wp-json\/wp\/v2\/users\/35"}],"replies":[{"embeddable":true,"href":"https:\/\/nvnoticias.mx\/index.php\/wp-json\/wp\/v2\/comments?post=176713"}],"version-history":[{"count":5,"href":"https:\/\/nvnoticias.mx\/index.php\/wp-json\/wp\/v2\/posts\/176713\/revisions"}],"predecessor-version":[{"id":176718,"href":"https:\/\/nvnoticias.mx\/index.php\/wp-json\/wp\/v2\/posts\/176713\/revisions\/176718"}],"wp:featuredmedia":[{"embeddable":true,"href":"https:\/\/nvnoticias.mx\/index.php\/wp-json\/wp\/v2\/media\/176719"}],"wp:attachment":[{"href":"https:\/\/nvnoticias.mx\/index.php\/wp-json\/wp\/v2\/media?parent=176713"}],"wp:term":[{"taxonomy":"category","embeddable":true,"href":"https:\/\/nvnoticias.mx\/index.php\/wp-json\/wp\/v2\/categories?post=176713"},{"taxonomy":"post_tag","embeddable":true,"href":"https:\/\/nvnoticias.mx\/index.php\/wp-json\/wp\/v2\/tags?post=176713"}],"curies":[{"name":"wp","href":"https:\/\/api.w.org\/{rel}","templated":true}]}}