{"id":176664,"date":"2025-03-19T15:01:31","date_gmt":"2025-03-19T21:01:31","guid":{"rendered":"https:\/\/nvnoticias.mx\/?p=176664"},"modified":"2025-03-19T15:01:32","modified_gmt":"2025-03-19T21:01:32","slug":"la-inflacion-repunta-en-eu-en-parte-debido-a-aranceles-powell","status":"publish","type":"post","link":"https:\/\/nvnoticias.mx\/index.php\/2025\/03\/19\/la-inflacion-repunta-en-eu-en-parte-debido-a-aranceles-powell\/","title":{"rendered":"La inflaci\u00f3n repunta en EU, en parte debido a aranceles: Powell"},"content":{"rendered":"\n<p>El presidente de la Reserva Federal, Jerome Powell, afirm\u00f3 este mi\u00e9rcoles que la inflaci\u00f3n comenz\u00f3 a repuntar en Estados Unidos en parte debido a los aranceles decretados por el presidente Donald Trump.<\/p>\n\n\n\n<p>&#8220;Claramente algo de ella (de la inflaci\u00f3n), buena parte de ella, proviene de los aranceles&#8221;, sostuvo Powell, quien a\u00f1adi\u00f3 que &#8220;puede haber cierto retraso en un mayor incremento&#8221; inflacionario en lo que resta del a\u00f1o.<\/p>\n\n\n\n<p>Fuente: La <a href=\"https:\/\/www.jornada.com.mx\/noticia\/2025\/03\/19\/economia\/la-inflacion-repunta-en-eu-en-parte-debido-a-aranceles-afirma-powell\">Jornada<\/a><\/p>\n\n\n\n<p><\/p>\n\n\n\n<p><\/p>\n","protected":false},"excerpt":{"rendered":"<p>El presidente de la Reserva Federal, Jerome Powell, afirm\u00f3 este mi\u00e9rcoles que la inflaci\u00f3n comenz\u00f3 a repuntar en Estados Unidos en parte debido a los aranceles decretados por el presidente Donald Trump. &#8220;Claramente algo de ella (de la inflaci\u00f3n), buena parte de ella, proviene de los aranceles&#8221;, sostuvo Powell, quien a\u00f1adi\u00f3 que &#8220;puede haber cierto [&hellip;]<\/p>\n","protected":false},"author":35,"featured_media":31638,"comment_status":"open","ping_status":"open","sticky":false,"template":"","format":"standard","meta":{"_monsterinsights_skip_tracking":false,"_monsterinsights_sitenote_active":false,"_monsterinsights_sitenote_note":"","_monsterinsights_sitenote_category":0,"footnotes":""},"categories":[181],"tags":[183,7322],"class_list":["post-176664","post","type-post","status-publish","format-standard","has-post-thumbnail","hentry","category-internacional","tag-estados-unidos","tag-jerome-powell","wp-image-borders"],"amp_enabled":true,"_links":{"self":[{"href":"https:\/\/nvnoticias.mx\/index.php\/wp-json\/wp\/v2\/posts\/176664","targetHints":{"allow":["GET"]}}],"collection":[{"href":"https:\/\/nvnoticias.mx\/index.php\/wp-json\/wp\/v2\/posts"}],"about":[{"href":"https:\/\/nvnoticias.mx\/index.php\/wp-json\/wp\/v2\/types\/post"}],"author":[{"embeddable":true,"href":"https:\/\/nvnoticias.mx\/index.php\/wp-json\/wp\/v2\/users\/35"}],"replies":[{"embeddable":true,"href":"https:\/\/nvnoticias.mx\/index.php\/wp-json\/wp\/v2\/comments?post=176664"}],"version-history":[{"count":3,"href":"https:\/\/nvnoticias.mx\/index.php\/wp-json\/wp\/v2\/posts\/176664\/revisions"}],"predecessor-version":[{"id":176667,"href":"https:\/\/nvnoticias.mx\/index.php\/wp-json\/wp\/v2\/posts\/176664\/revisions\/176667"}],"wp:featuredmedia":[{"embeddable":true,"href":"https:\/\/nvnoticias.mx\/index.php\/wp-json\/wp\/v2\/media\/31638"}],"wp:attachment":[{"href":"https:\/\/nvnoticias.mx\/index.php\/wp-json\/wp\/v2\/media?parent=176664"}],"wp:term":[{"taxonomy":"category","embeddable":true,"href":"https:\/\/nvnoticias.mx\/index.php\/wp-json\/wp\/v2\/categories?post=176664"},{"taxonomy":"post_tag","embeddable":true,"href":"https:\/\/nvnoticias.mx\/index.php\/wp-json\/wp\/v2\/tags?post=176664"}],"curies":[{"name":"wp","href":"https:\/\/api.w.org\/{rel}","templated":true}]}}