{"id":176653,"date":"2025-03-19T14:04:40","date_gmt":"2025-03-19T20:04:40","guid":{"rendered":"https:\/\/nvnoticias.mx\/?p=176653"},"modified":"2025-03-19T14:04:41","modified_gmt":"2025-03-19T20:04:41","slug":"reportan-80-incendios-de-pastizales-en-veracruz-de-enero-a-la-fecha","status":"publish","type":"post","link":"https:\/\/nvnoticias.mx\/index.php\/2025\/03\/19\/reportan-80-incendios-de-pastizales-en-veracruz-de-enero-a-la-fecha\/","title":{"rendered":"Reportan  80 incendios de pastizales en Veracruz, de enero a la fecha"},"content":{"rendered":"\n<p><\/p>\n\n\n\n<p><strong>Jes\u00fas Utrilla \/ NV Noticias<\/strong><\/p>\n\n\n\n<p>Los incendios en pastizales contin\u00faan siendo una problem\u00e1tica recurrente en Veracruz. Seg\u00fan Alfonso Garc\u00eda Cardona, titular de la Direcci\u00f3n de Protecci\u00f3n Civil Municipal, en lo que va del a\u00f1o se han registrado m\u00e1s de 80 incendios en la ciudad, una cifra similar a la del a\u00f1o pasado.<\/p>\n\n\n\n<p>Aunque los siniestros han sido controlados a tiempo y no han afectado grandes extensiones de terreno, las autoridades advierten que las condiciones clim\u00e1ticas, como la presencia de frentes fr\u00edos y la sequedad de la vegetaci\u00f3n, aumentan el riesgo de nuevos incidentes. <\/p>\n\n\n\n<p>La mayor\u00eda de estos incidentes ocurren en las salidas de la ciudad, especialmente en zonas rurales y a la orilla de carreteras.<\/p>\n\n\n\n<p>Garc\u00eda Cardona destac\u00f3 la importancia de la prevenci\u00f3n y el mantenimiento de la vegetaci\u00f3n para evitar estos incendios. <\/p>\n\n\n\n<p>Entre las principales recomendaciones, se\u00f1al\u00f3:<br>No arrojar colillas de cigarro encendidas en terrenos secos.<\/p>\n\n\n\n<p>Evitar tirar botellas de vidrio o pl\u00e1sticos con agua, ya que pueden generar el llamado \u201cefecto lupa\u201d y provocar fuego.<\/p>\n\n\n\n<p>No realizar quemas agr\u00edcolas sin supervisi\u00f3n ni permisos adecuados.<\/p>\n\n\n\n<p>Mantener los pastizales controlados y libres de material inflamable.<\/p>\n\n\n\n<p>Adem\u00e1s, enfatiz\u00f3 que durante la temporada de calor y sequ\u00eda es fundamental extremar precauciones, ya que las llamas pueden propagarse r\u00e1pidamente y poner en riesgo tanto la flora y fauna como la seguridad de las personas.<\/p>\n\n\n\n<p>Aunque el n\u00famero total de incendios es similar al del a\u00f1o pasado, Garc\u00eda Cardona advirti\u00f3 que hay jornadas en las que los incidentes se multiplican, registrando hasta cinco incendios en un solo d\u00eda.<\/p>\n\n\n\n<p>\u201cAfortunadamente, no han ocurrido en potreros o lagunas, donde el fuego se complica m\u00e1s de controlar. En su mayor\u00eda, han sido a la orilla de carreteras, lo que ha permitido sofocarlos r\u00e1pidamente\u201d, explic\u00f3.<\/p>\n","protected":false},"excerpt":{"rendered":"<p>Jes\u00fas Utrilla \/ NV Noticias Los incendios en pastizales contin\u00faan siendo una problem\u00e1tica recurrente en Veracruz. Seg\u00fan Alfonso Garc\u00eda Cardona, titular de la Direcci\u00f3n de Protecci\u00f3n Civil Municipal, en lo que va del a\u00f1o se han registrado m\u00e1s de 80 incendios en la ciudad, una cifra similar a la del a\u00f1o pasado. Aunque los siniestros [&hellip;]<\/p>\n","protected":false},"author":8,"featured_media":144164,"comment_status":"open","ping_status":"open","sticky":false,"template":"","format":"standard","meta":{"_monsterinsights_skip_tracking":false,"_monsterinsights_sitenote_active":false,"_monsterinsights_sitenote_note":"","_monsterinsights_sitenote_category":0,"footnotes":""},"categories":[154],"tags":[3377,30349],"class_list":["post-176653","post","type-post","status-publish","format-standard","has-post-thumbnail","hentry","category-veracruz","tag-incendios","tag-proteccion-civil-de-veracruz","wp-image-borders"],"amp_enabled":true,"_links":{"self":[{"href":"https:\/\/nvnoticias.mx\/index.php\/wp-json\/wp\/v2\/posts\/176653","targetHints":{"allow":["GET"]}}],"collection":[{"href":"https:\/\/nvnoticias.mx\/index.php\/wp-json\/wp\/v2\/posts"}],"about":[{"href":"https:\/\/nvnoticias.mx\/index.php\/wp-json\/wp\/v2\/types\/post"}],"author":[{"embeddable":true,"href":"https:\/\/nvnoticias.mx\/index.php\/wp-json\/wp\/v2\/users\/8"}],"replies":[{"embeddable":true,"href":"https:\/\/nvnoticias.mx\/index.php\/wp-json\/wp\/v2\/comments?post=176653"}],"version-history":[{"count":1,"href":"https:\/\/nvnoticias.mx\/index.php\/wp-json\/wp\/v2\/posts\/176653\/revisions"}],"predecessor-version":[{"id":176654,"href":"https:\/\/nvnoticias.mx\/index.php\/wp-json\/wp\/v2\/posts\/176653\/revisions\/176654"}],"wp:featuredmedia":[{"embeddable":true,"href":"https:\/\/nvnoticias.mx\/index.php\/wp-json\/wp\/v2\/media\/144164"}],"wp:attachment":[{"href":"https:\/\/nvnoticias.mx\/index.php\/wp-json\/wp\/v2\/media?parent=176653"}],"wp:term":[{"taxonomy":"category","embeddable":true,"href":"https:\/\/nvnoticias.mx\/index.php\/wp-json\/wp\/v2\/categories?post=176653"},{"taxonomy":"post_tag","embeddable":true,"href":"https:\/\/nvnoticias.mx\/index.php\/wp-json\/wp\/v2\/tags?post=176653"}],"curies":[{"name":"wp","href":"https:\/\/api.w.org\/{rel}","templated":true}]}}