{"id":176648,"date":"2025-03-19T13:30:48","date_gmt":"2025-03-19T19:30:48","guid":{"rendered":"https:\/\/nvnoticias.mx\/?p=176648"},"modified":"2025-03-19T13:30:50","modified_gmt":"2025-03-19T19:30:50","slug":"retira-formalmente-san-lazaro-iniciativa-de-sheinbaum-a-reforma-a-ley-del-issste","status":"publish","type":"post","link":"https:\/\/nvnoticias.mx\/index.php\/2025\/03\/19\/retira-formalmente-san-lazaro-iniciativa-de-sheinbaum-a-reforma-a-ley-del-issste\/","title":{"rendered":"Retira formalmente San L\u00e1zaro iniciativa de Sheinbaum a reforma a Ley del Issste"},"content":{"rendered":"\n<p>A la par de la movilizaci\u00f3n del magisterio, la C\u00e1mara de Diputados formaliz\u00f3 el retiro la iniciativa de la presidenta Claudia Sheinbaum, que propon\u00eda una reforma a la Ley del Instituto de Seguridad y Servicios Sociales de los Trabajadores del Estado (Issste), que inclu\u00eda un aumento a las cuotas de salud de los profesores.<\/p>\n\n\n\n<p>Al inicio de la sesi\u00f3n de este mi\u00e9rcoles, la Mesa Directiva dio cuenta que se recibi\u00f3 oficio de la Secretar\u00eda de Gobernaci\u00f3n, donde se solicitaba el retiro de la citada propuesta, a partir de lo previsto en el art\u00edculo 77 del reglamento de la C\u00e1mara.\u00a0<br><\/p>\n\n\n\n<p>&#8220;Se tiene por retirada\u201d, anunci\u00f3 el presidente en turno de la c\u00e1mara, Sergio Guti\u00e9rrez Luna (Morena). Si bien el citado art\u00edculo prev\u00e9 exclusivamente el derecho de los diputados al retiro de iniciativas, el coordinador de la mayor\u00eda, Ricardo Monreal \u00c1vila, expres\u00f3 que se aplic\u00f3 a la petici\u00f3n de la Presidenta por \u201canalog\u00eda e interpretaci\u00f3n extensiva\u201d.<\/p>\n\n\n\n<p>Esto es, abund\u00f3, el numeral 2 del art\u00edculo 77 del reglamento de la C\u00e1mara de Diputados es aplicable al retiro de la iniciativa presentada por la titular del Ejecutivo Federal por analog\u00eda.&nbsp;<\/p>\n\n\n\n<p>\u201cPues donde existe la misma raz\u00f3n, existe la misma disposici\u00f3n. Esto significa que, si los diputados federales tienen derecho a presentar y retirar iniciativas, el mismo derecho les asiste a los otros sujetos legitimados para presentarlas, como senadores, la Presidenta de la Rep\u00fablica y congresos estatales\u201d. &nbsp;<\/p>\n\n\n\n<p>Abund\u00f3 que, en el primer p\u00e1rrafo de dicho numeral se prev\u00e9 que el derecho de iniciativa de los diputados comprende tambi\u00e9n el de retirarla.<br>\u201cExcluir a la Presidenta o a las legislaturas estatales del retiro de iniciativas no ser\u00eda razonable por establecer un trato distinto a los sujetos que la constituci\u00f3n reconoce el ejercicio del mismo derecho en las mismas condiciones\u201d, indic\u00f3.<\/p>\n\n\n\n<p>Fuente: La <a href=\"https:\/\/www.jornada.com.mx\/noticia\/2025\/03\/19\/politica\/retira-formalmente-san-lazaro-iniciativa-de-reforma-a-ley-del-issste-propuesta-por-sheinbaum\">Jornada<\/a><\/p>\n\n\n\n<p><\/p>\n\n\n\n<p><\/p>\n\n\n\n<p><\/p>\n\n\n\n<p><\/p>\n","protected":false},"excerpt":{"rendered":"<p>A la par de la movilizaci\u00f3n del magisterio, la C\u00e1mara de Diputados formaliz\u00f3 el retiro la iniciativa de la presidenta Claudia Sheinbaum, que propon\u00eda una reforma a la Ley del Instituto de Seguridad y Servicios Sociales de los Trabajadores del Estado (Issste), que inclu\u00eda un aumento a las cuotas de salud de los profesores. Al [&hellip;]<\/p>\n","protected":false},"author":35,"featured_media":147334,"comment_status":"open","ping_status":"open","sticky":false,"template":"","format":"standard","meta":{"_monsterinsights_skip_tracking":false,"_monsterinsights_sitenote_active":false,"_monsterinsights_sitenote_note":"","_monsterinsights_sitenote_category":0,"footnotes":""},"categories":[157],"tags":[2801,31702],"class_list":["post-176648","post","type-post","status-publish","format-standard","has-post-thumbnail","hentry","category-nacional","tag-claudia-sheinbaum","tag-ley-del-issste","wp-image-borders"],"amp_enabled":true,"_links":{"self":[{"href":"https:\/\/nvnoticias.mx\/index.php\/wp-json\/wp\/v2\/posts\/176648","targetHints":{"allow":["GET"]}}],"collection":[{"href":"https:\/\/nvnoticias.mx\/index.php\/wp-json\/wp\/v2\/posts"}],"about":[{"href":"https:\/\/nvnoticias.mx\/index.php\/wp-json\/wp\/v2\/types\/post"}],"author":[{"embeddable":true,"href":"https:\/\/nvnoticias.mx\/index.php\/wp-json\/wp\/v2\/users\/35"}],"replies":[{"embeddable":true,"href":"https:\/\/nvnoticias.mx\/index.php\/wp-json\/wp\/v2\/comments?post=176648"}],"version-history":[{"count":4,"href":"https:\/\/nvnoticias.mx\/index.php\/wp-json\/wp\/v2\/posts\/176648\/revisions"}],"predecessor-version":[{"id":176652,"href":"https:\/\/nvnoticias.mx\/index.php\/wp-json\/wp\/v2\/posts\/176648\/revisions\/176652"}],"wp:featuredmedia":[{"embeddable":true,"href":"https:\/\/nvnoticias.mx\/index.php\/wp-json\/wp\/v2\/media\/147334"}],"wp:attachment":[{"href":"https:\/\/nvnoticias.mx\/index.php\/wp-json\/wp\/v2\/media?parent=176648"}],"wp:term":[{"taxonomy":"category","embeddable":true,"href":"https:\/\/nvnoticias.mx\/index.php\/wp-json\/wp\/v2\/categories?post=176648"},{"taxonomy":"post_tag","embeddable":true,"href":"https:\/\/nvnoticias.mx\/index.php\/wp-json\/wp\/v2\/tags?post=176648"}],"curies":[{"name":"wp","href":"https:\/\/api.w.org\/{rel}","templated":true}]}}