{"id":176605,"date":"2025-03-19T10:13:26","date_gmt":"2025-03-19T16:13:26","guid":{"rendered":"https:\/\/nvnoticias.mx\/?p=176605"},"modified":"2025-03-19T10:13:28","modified_gmt":"2025-03-19T16:13:28","slug":"movimiento-de-carga-en-el-puerto-de-veracruz-cifras-de-febrero-2025","status":"publish","type":"post","link":"https:\/\/nvnoticias.mx\/index.php\/2025\/03\/19\/movimiento-de-carga-en-el-puerto-de-veracruz-cifras-de-febrero-2025\/","title":{"rendered":"Movimiento de carga en el Puerto de Veracruz: cifras de febrero 2025"},"content":{"rendered":"\n<p><\/p>\n\n\n\n<p><strong>Jes\u00fas Utrilla \/ NV Noticias<\/strong><\/p>\n\n\n\n<p>El movimiento de carga en el Puerto de Veracruz mostr\u00f3 una contracci\u00f3n en los primeros meses del a\u00f1o. En febrero, se movilizaron 2 millones 043 mil 884 toneladas de mercanc\u00eda, alcanzando un acumulado anual de 4 millones 278 mil 950 toneladas.<\/p>\n\n\n\n<p>Marco Antonio Sansores Ram\u00edrez, presidente de la Asociaci\u00f3n de Agentes Aduanales del Puerto de Veracruz (AAAVER), explic\u00f3 que el volumen representa una disminuci\u00f3n del 19.4 por ciento en comparaci\u00f3n con el mismo periodo de 2024, cuando se registraron 5 millones 311 mil 592 toneladas.<\/p>\n\n\n\n<p>Entre los rubros m\u00e1s afectados se encuentra el granel mineral, que sufri\u00f3 una ca\u00edda del 52.4 por ciento , al pasar de 635 mil 527 toneladas en 2024 a 302 mil 581 toneladas este a\u00f1o. La carga contenerizada tambi\u00e9n registr\u00f3 una baja del 20.2 por ciento &nbsp;al acumular 1,451,558 toneladas en lo que va de 2025, frente a las 1,817,089 toneladas del a\u00f1o anterior.<\/p>\n\n\n\n<p>\u201cEl sector de contenedores reflej\u00f3 una disminuci\u00f3n similar. En los primeros dos meses del a\u00f1o, el puerto oper\u00f3 176 mil 723 TEUs, cifra inferior a los 211 mil 780 TEUs registrados en 2024, lo que equivale a una contracci\u00f3n del 16.5 por ciento\u201d.<\/p>\n\n\n\n<p>Otro de los segmentos con mayor retroceso fue el de movimiento de veh\u00edculos, con una ca\u00edda del 32.3 por ciento. <\/p>\n\n\n\n<p>En 2024, se manejaron 116,149 unidades, mientras que en el presente a\u00f1o la cifra descendi\u00f3 a 78,567 unidades. <\/p>\n\n\n\n<p>La baja m\u00e1s pronunciada se observ\u00f3 en los veh\u00edculos de exportaci\u00f3n, los cuales pasaron de 86 mil 877 unidades a 51 mil 682, lo que representa una disminuci\u00f3n del 40.5 por ciento.<\/p>\n","protected":false},"excerpt":{"rendered":"<p>Jes\u00fas Utrilla \/ NV Noticias El movimiento de carga en el Puerto de Veracruz mostr\u00f3 una contracci\u00f3n en los primeros meses del a\u00f1o. En febrero, se movilizaron 2 millones 043 mil 884 toneladas de mercanc\u00eda, alcanzando un acumulado anual de 4 millones 278 mil 950 toneladas. Marco Antonio Sansores Ram\u00edrez, presidente de la Asociaci\u00f3n de [&hellip;]<\/p>\n","protected":false},"author":8,"featured_media":176612,"comment_status":"open","ping_status":"open","sticky":false,"template":"","format":"standard","meta":{"_monsterinsights_skip_tracking":false,"_monsterinsights_sitenote_active":false,"_monsterinsights_sitenote_note":"","_monsterinsights_sitenote_category":0,"footnotes":""},"categories":[154],"tags":[22670,7770,749],"class_list":["post-176605","post","type-post","status-publish","format-standard","has-post-thumbnail","hentry","category-veracruz","tag-aaaver","tag-movimiento-de-carga","tag-puerto-de-veracruz","wp-image-borders"],"amp_enabled":true,"_links":{"self":[{"href":"https:\/\/nvnoticias.mx\/index.php\/wp-json\/wp\/v2\/posts\/176605","targetHints":{"allow":["GET"]}}],"collection":[{"href":"https:\/\/nvnoticias.mx\/index.php\/wp-json\/wp\/v2\/posts"}],"about":[{"href":"https:\/\/nvnoticias.mx\/index.php\/wp-json\/wp\/v2\/types\/post"}],"author":[{"embeddable":true,"href":"https:\/\/nvnoticias.mx\/index.php\/wp-json\/wp\/v2\/users\/8"}],"replies":[{"embeddable":true,"href":"https:\/\/nvnoticias.mx\/index.php\/wp-json\/wp\/v2\/comments?post=176605"}],"version-history":[{"count":1,"href":"https:\/\/nvnoticias.mx\/index.php\/wp-json\/wp\/v2\/posts\/176605\/revisions"}],"predecessor-version":[{"id":176613,"href":"https:\/\/nvnoticias.mx\/index.php\/wp-json\/wp\/v2\/posts\/176605\/revisions\/176613"}],"wp:featuredmedia":[{"embeddable":true,"href":"https:\/\/nvnoticias.mx\/index.php\/wp-json\/wp\/v2\/media\/176612"}],"wp:attachment":[{"href":"https:\/\/nvnoticias.mx\/index.php\/wp-json\/wp\/v2\/media?parent=176605"}],"wp:term":[{"taxonomy":"category","embeddable":true,"href":"https:\/\/nvnoticias.mx\/index.php\/wp-json\/wp\/v2\/categories?post=176605"},{"taxonomy":"post_tag","embeddable":true,"href":"https:\/\/nvnoticias.mx\/index.php\/wp-json\/wp\/v2\/tags?post=176605"}],"curies":[{"name":"wp","href":"https:\/\/api.w.org\/{rel}","templated":true}]}}