{"id":176571,"date":"2025-03-18T21:40:39","date_gmt":"2025-03-19T03:40:39","guid":{"rendered":"https:\/\/nvnoticias.mx\/?p=176571"},"modified":"2025-03-18T21:40:41","modified_gmt":"2025-03-19T03:40:41","slug":"se-incendia-restaurante-en-boca-del-rio-y-provoca-intensa-movilizacion","status":"publish","type":"post","link":"https:\/\/nvnoticias.mx\/index.php\/2025\/03\/18\/se-incendia-restaurante-en-boca-del-rio-y-provoca-intensa-movilizacion\/","title":{"rendered":"Se incendia restaurante en Boca del R\u00edo y provoca intensa movilizaci\u00f3n"},"content":{"rendered":"\n<p><\/p>\n\n\n\n<p><strong>Jes\u00fas Utrilla \/ NV Noticias<\/strong><\/p>\n\n\n\n<p>Un incendio en la palapa del restaurante Bokob\u00e1 Restaurant &amp; Bar, ubicado en el bulevar Miguel Alem\u00e1n de Boca del R\u00edo, gener\u00f3 una intensa movilizaci\u00f3n de los cuerpos de emergencia la tarde-noche de este martes.<\/p>\n\n\n\n<p>El fuego, que consumi\u00f3 la palma del techo del establecimiento, alert\u00f3 a clientes y transe\u00fantes en la zona tur\u00edstica. Elementos de Protecci\u00f3n Civil, Bomberos Conurbados, Polic\u00eda Naval y Tr\u00e1nsito acudieron al lugar para sofocar las llamas y evitar que el siniestro se extendiera a otros inmuebles cercanos.<\/p>\n\n\n\n<p>Hasta el momento, no se reportan personas lesionadas ni v\u00edctimas fatales. Sin embargo, el incendio gener\u00f3 una gran columna de humo.<\/p>\n\n\n\n<p>Las causas del siniestro a\u00fan no han sido determinadas.<\/p>\n","protected":false},"excerpt":{"rendered":"<p>Jes\u00fas Utrilla \/ NV Noticias Un incendio en la palapa del restaurante Bokob\u00e1 Restaurant &amp; Bar, ubicado en el bulevar Miguel Alem\u00e1n de Boca del R\u00edo, gener\u00f3 una intensa movilizaci\u00f3n de los cuerpos de emergencia la tarde-noche de este martes. El fuego, que consumi\u00f3 la palma del techo del establecimiento, alert\u00f3 a clientes y transe\u00fantes [&hellip;]<\/p>\n","protected":false},"author":8,"featured_media":176572,"comment_status":"open","ping_status":"open","sticky":false,"template":"","format":"standard","meta":{"_monsterinsights_skip_tracking":false,"_monsterinsights_sitenote_active":false,"_monsterinsights_sitenote_note":"","_monsterinsights_sitenote_category":0,"footnotes":""},"categories":[154],"tags":[310,24478,162],"class_list":["post-176571","post","type-post","status-publish","format-standard","has-post-thumbnail","hentry","category-veracruz","tag-incendio","tag-palapa","tag-portada","wp-image-borders"],"amp_enabled":true,"_links":{"self":[{"href":"https:\/\/nvnoticias.mx\/index.php\/wp-json\/wp\/v2\/posts\/176571","targetHints":{"allow":["GET"]}}],"collection":[{"href":"https:\/\/nvnoticias.mx\/index.php\/wp-json\/wp\/v2\/posts"}],"about":[{"href":"https:\/\/nvnoticias.mx\/index.php\/wp-json\/wp\/v2\/types\/post"}],"author":[{"embeddable":true,"href":"https:\/\/nvnoticias.mx\/index.php\/wp-json\/wp\/v2\/users\/8"}],"replies":[{"embeddable":true,"href":"https:\/\/nvnoticias.mx\/index.php\/wp-json\/wp\/v2\/comments?post=176571"}],"version-history":[{"count":1,"href":"https:\/\/nvnoticias.mx\/index.php\/wp-json\/wp\/v2\/posts\/176571\/revisions"}],"predecessor-version":[{"id":176573,"href":"https:\/\/nvnoticias.mx\/index.php\/wp-json\/wp\/v2\/posts\/176571\/revisions\/176573"}],"wp:featuredmedia":[{"embeddable":true,"href":"https:\/\/nvnoticias.mx\/index.php\/wp-json\/wp\/v2\/media\/176572"}],"wp:attachment":[{"href":"https:\/\/nvnoticias.mx\/index.php\/wp-json\/wp\/v2\/media?parent=176571"}],"wp:term":[{"taxonomy":"category","embeddable":true,"href":"https:\/\/nvnoticias.mx\/index.php\/wp-json\/wp\/v2\/categories?post=176571"},{"taxonomy":"post_tag","embeddable":true,"href":"https:\/\/nvnoticias.mx\/index.php\/wp-json\/wp\/v2\/tags?post=176571"}],"curies":[{"name":"wp","href":"https:\/\/api.w.org\/{rel}","templated":true}]}}