{"id":176562,"date":"2025-03-18T18:57:33","date_gmt":"2025-03-19T00:57:33","guid":{"rendered":"https:\/\/nvnoticias.mx\/?p=176562"},"modified":"2025-03-18T18:57:34","modified_gmt":"2025-03-19T00:57:34","slug":"advierten-por-intenso-evento-de-norte-en-veracruz","status":"publish","type":"post","link":"https:\/\/nvnoticias.mx\/index.php\/2025\/03\/18\/advierten-por-intenso-evento-de-norte-en-veracruz\/","title":{"rendered":"Advierten por intenso evento de norte en Veracruz"},"content":{"rendered":"\n<p><\/p>\n\n\n\n<p><strong>Jes\u00fas Utrilla \/ NV Noticias<\/strong><\/p>\n\n\n\n<p>Protecci\u00f3n Civil Municipal de Veracruz emiti\u00f3 un aviso especial ante la llegada del Frente Fr\u00edo No. 36, el cual ocasionar\u00e1 un evento de Norte con vientos intensos en la zona costera.<\/p>\n\n\n\n<p>Seg\u00fan el pron\u00f3stico de la Secretar\u00eda de Protecci\u00f3n Civil del Estado, la masa de aire fr\u00edo asociada a este sistema provocar\u00e1 rachas de viento que alcanzar\u00e1n los 90 kil\u00f3metros por hora, representando un riesgo para embarcaciones, infraestructura y la poblaci\u00f3n en general.<\/p>\n\n\n\n<p>Para el mi\u00e9rcoles 19 de marzo se espera que durante &nbsp;la tarde y noche haya viento del Norte con velocidades de 20 a 35 kil\u00f3metros por hora y rachas de 60 a 75 kil\u00f3metros por hora.<\/p>\n\n\n\n<p>Para el jueves 20 de marzo: Se prev\u00e9 un incremento en la intensidad del viento, con r\u00e1fagas de 75 a 90 kil\u00f3metros por hora y velocidades sostenidas de entre 50 y 60 kil\u00f3metros por hora.<\/p>\n\n\n\n<p>Ante estas condiciones, se exhort\u00f3 a la ciudadan\u00eda a mantenerse informada a trav\u00e9s de los canales oficiales y a seguir las recomendaciones de Protecci\u00f3n Civil.<\/p>\n\n\n\n<p><\/p>\n","protected":false},"excerpt":{"rendered":"<p>Jes\u00fas Utrilla \/ NV Noticias Protecci\u00f3n Civil Municipal de Veracruz emiti\u00f3 un aviso especial ante la llegada del Frente Fr\u00edo No. 36, el cual ocasionar\u00e1 un evento de Norte con vientos intensos en la zona costera. Seg\u00fan el pron\u00f3stico de la Secretar\u00eda de Protecci\u00f3n Civil del Estado, la masa de aire fr\u00edo asociada a este [&hellip;]<\/p>\n","protected":false},"author":8,"featured_media":176563,"comment_status":"open","ping_status":"open","sticky":false,"template":"","format":"standard","meta":{"_monsterinsights_skip_tracking":false,"_monsterinsights_sitenote_active":false,"_monsterinsights_sitenote_note":"","_monsterinsights_sitenote_category":0,"footnotes":""},"categories":[154],"tags":[267],"class_list":["post-176562","post","type-post","status-publish","format-standard","has-post-thumbnail","hentry","category-veracruz","tag-norte","wp-image-borders"],"amp_enabled":true,"_links":{"self":[{"href":"https:\/\/nvnoticias.mx\/index.php\/wp-json\/wp\/v2\/posts\/176562","targetHints":{"allow":["GET"]}}],"collection":[{"href":"https:\/\/nvnoticias.mx\/index.php\/wp-json\/wp\/v2\/posts"}],"about":[{"href":"https:\/\/nvnoticias.mx\/index.php\/wp-json\/wp\/v2\/types\/post"}],"author":[{"embeddable":true,"href":"https:\/\/nvnoticias.mx\/index.php\/wp-json\/wp\/v2\/users\/8"}],"replies":[{"embeddable":true,"href":"https:\/\/nvnoticias.mx\/index.php\/wp-json\/wp\/v2\/comments?post=176562"}],"version-history":[{"count":1,"href":"https:\/\/nvnoticias.mx\/index.php\/wp-json\/wp\/v2\/posts\/176562\/revisions"}],"predecessor-version":[{"id":176564,"href":"https:\/\/nvnoticias.mx\/index.php\/wp-json\/wp\/v2\/posts\/176562\/revisions\/176564"}],"wp:featuredmedia":[{"embeddable":true,"href":"https:\/\/nvnoticias.mx\/index.php\/wp-json\/wp\/v2\/media\/176563"}],"wp:attachment":[{"href":"https:\/\/nvnoticias.mx\/index.php\/wp-json\/wp\/v2\/media?parent=176562"}],"wp:term":[{"taxonomy":"category","embeddable":true,"href":"https:\/\/nvnoticias.mx\/index.php\/wp-json\/wp\/v2\/categories?post=176562"},{"taxonomy":"post_tag","embeddable":true,"href":"https:\/\/nvnoticias.mx\/index.php\/wp-json\/wp\/v2\/tags?post=176562"}],"curies":[{"name":"wp","href":"https:\/\/api.w.org\/{rel}","templated":true}]}}