{"id":176532,"date":"2025-03-18T12:38:35","date_gmt":"2025-03-18T18:38:35","guid":{"rendered":"https:\/\/nvnoticias.mx\/?p=176532"},"modified":"2025-03-18T12:39:18","modified_gmt":"2025-03-18T18:39:18","slug":"exigen-petroleros-equipos-y-derechos-laborales-a-la-paraestatal","status":"publish","type":"post","link":"https:\/\/nvnoticias.mx\/index.php\/2025\/03\/18\/exigen-petroleros-equipos-y-derechos-laborales-a-la-paraestatal\/","title":{"rendered":"Exigen petroleros equipos y derechos laborales a la paraestatal"},"content":{"rendered":"\n<p><\/p>\n\n\n\n<p><strong>Jes\u00fas Utrilla \/ NV Noticias<\/strong><\/p>\n\n\n\n<p>Trabajadores petroleros contin\u00faan exigiendo a Petr\u00f3leos Mexicanos (PEMEX) y al gobierno federal, atienda las principales demandas que desde hace casi 6 a\u00f1os han venido padeciendo, como falta de equipos para poder realizar su trabajo, respeto a sus derechos laborales, entre otras situaciones.<\/p>\n\n\n\n<p>Al respecto, el Secretario de Acuerdos de la Secci\u00f3n 9 del Sindicato Nacional de Trabajadores Petroleros de la Rep\u00fablica Mexicana (SNTPRM), Juan Santana Morales Zepeda, se\u00f1al\u00f3 que actualmente los petroleros del pa\u00eds laboran con equipos ya muy gastados y que en ocasiones representa un peligro.<\/p>\n\n\n\n<p>&#8220;Las carencias son las mismas que hemos tenido a lo largo de los \u00faltimos a\u00f1os, ropa de trabajo, equipo personal, herramienta de trabajo, mantenimientos preventivos en algunos de los centros de trabajo que eso a su vez ha llevado a que en algunas ocasiones se tengan accidentes fatales y no fatales&#8221;, acus\u00f3.<\/p>\n\n\n\n<p>Dijo que lejos de hacer compromisos hay que seguir trabajando para exigir estas mejoras que se necesitan para beneficio de los trabajadores.<\/p>\n\n\n\n<p>Los trabajadores hicieron los se\u00f1alamientos durante los diversos eventos en conmemoraci\u00f3n del aniversario de la&nbsp;Expropiaci\u00f3n Petrolera.<\/p>\n\n\n\n<p>&#8220;El n\u00famero de accidentes ha sido no tan representativo c\u00f3mo tal, pero se han sido accidentes fatales, la gr\u00e1fica no la tengo a la mano, sin embargo, si ha sucedido y esto sucede por la falta de mantenimiento preventivo en primera instancia y equipo de protecci\u00f3n personal y herramienta de trabajo&#8221;.<\/p>\n\n\n\n<p>Explic\u00f3 que no cuentan con equipo de&nbsp;protecci\u00f3n personal, lo que los pone en riesgo cuando hacen sus labores.<\/p>\n\n\n\n<p>Miembros del&nbsp;Sindicato de Trabajadores Petroleros de la Rep\u00fablica Mexicana&nbsp;secci\u00f3n 9, conmemoraron el 87 aniversario de la&nbsp;Expropiaci\u00f3n Petrolera&nbsp;en esta ciudad y Puerto de Veracruz, con la colocaci\u00f3n de una ofrenda floral en la&nbsp;Torre de Pemex.<\/p>\n","protected":false},"excerpt":{"rendered":"<p>Jes\u00fas Utrilla \/ NV Noticias Trabajadores petroleros contin\u00faan exigiendo a Petr\u00f3leos Mexicanos (PEMEX) y al gobierno federal, atienda las principales demandas que desde hace casi 6 a\u00f1os han venido padeciendo, como falta de equipos para poder realizar su trabajo, respeto a sus derechos laborales, entre otras situaciones. Al respecto, el Secretario de Acuerdos de la [&hellip;]<\/p>\n","protected":false},"author":8,"featured_media":176533,"comment_status":"open","ping_status":"open","sticky":false,"template":"","format":"standard","meta":{"_monsterinsights_skip_tracking":false,"_monsterinsights_sitenote_active":false,"_monsterinsights_sitenote_note":"","_monsterinsights_sitenote_category":0,"footnotes":""},"categories":[154],"tags":[3039],"class_list":["post-176532","post","type-post","status-publish","format-standard","has-post-thumbnail","hentry","category-veracruz","tag-petroleros","wp-image-borders"],"amp_enabled":true,"_links":{"self":[{"href":"https:\/\/nvnoticias.mx\/index.php\/wp-json\/wp\/v2\/posts\/176532","targetHints":{"allow":["GET"]}}],"collection":[{"href":"https:\/\/nvnoticias.mx\/index.php\/wp-json\/wp\/v2\/posts"}],"about":[{"href":"https:\/\/nvnoticias.mx\/index.php\/wp-json\/wp\/v2\/types\/post"}],"author":[{"embeddable":true,"href":"https:\/\/nvnoticias.mx\/index.php\/wp-json\/wp\/v2\/users\/8"}],"replies":[{"embeddable":true,"href":"https:\/\/nvnoticias.mx\/index.php\/wp-json\/wp\/v2\/comments?post=176532"}],"version-history":[{"count":1,"href":"https:\/\/nvnoticias.mx\/index.php\/wp-json\/wp\/v2\/posts\/176532\/revisions"}],"predecessor-version":[{"id":176534,"href":"https:\/\/nvnoticias.mx\/index.php\/wp-json\/wp\/v2\/posts\/176532\/revisions\/176534"}],"wp:featuredmedia":[{"embeddable":true,"href":"https:\/\/nvnoticias.mx\/index.php\/wp-json\/wp\/v2\/media\/176533"}],"wp:attachment":[{"href":"https:\/\/nvnoticias.mx\/index.php\/wp-json\/wp\/v2\/media?parent=176532"}],"wp:term":[{"taxonomy":"category","embeddable":true,"href":"https:\/\/nvnoticias.mx\/index.php\/wp-json\/wp\/v2\/categories?post=176532"},{"taxonomy":"post_tag","embeddable":true,"href":"https:\/\/nvnoticias.mx\/index.php\/wp-json\/wp\/v2\/tags?post=176532"}],"curies":[{"name":"wp","href":"https:\/\/api.w.org\/{rel}","templated":true}]}}