{"id":176469,"date":"2025-03-17T13:07:00","date_gmt":"2025-03-17T19:07:00","guid":{"rendered":"https:\/\/nvnoticias.mx\/?p=176469"},"modified":"2025-03-17T13:07:03","modified_gmt":"2025-03-17T19:07:03","slug":"son-2-mil-los-estudiantes-que-buscaran-lugar-en-normal-veracruzana","status":"publish","type":"post","link":"https:\/\/nvnoticias.mx\/index.php\/2025\/03\/17\/son-2-mil-los-estudiantes-que-buscaran-lugar-en-normal-veracruzana\/","title":{"rendered":"Son 2 mil los estudiantes que buscar\u00e1n lugar en Normal Veracruzana"},"content":{"rendered":"\n<p><\/p>\n\n\n\n<p><strong>Sam Ojeda \/ NV Noticias<\/strong><\/p>\n\n\n\n<p>Xalapa.- Son 2 mil los estudiantes que buscan ingresar a la Benem\u00e9rita Escuela Normal Veracruzana \u201cEnrique C. R\u00e9bsamen\u201d pero solo hay espacio para 360, reconoci\u00f3 el director de la instituci\u00f3n, Gerardo G\u00f3mez Salas. <\/p>\n\n\n\n<p>Lo anterior quiere decir que casi mil 700 estudiantes se quedar\u00e1n fuera durante este a\u00f1o; sin embargo, a pesar de ello no hay planes para ampliar la matricula. <\/p>\n\n\n\n<p>El director de la Normal reconoci\u00f3 que existe una alta demanda de ingreso pero aclar\u00f3 que la matr\u00edcula depende directamente del Gobierno del estado y que por ahora no hay planes para poder aumentarla. <\/p>\n\n\n\n<p>\u201cTodas las licenciaturas tienen alta demanda, la matr\u00edcula es determinada por Gobierno del estado a trav\u00e9s de an\u00e1lisis que se hacen, prospectivas y con un trabajo de la Unidad de Planeaci\u00f3n\u201d.<\/p>\n\n\n\n<p>G\u00f3mez Salas admiti\u00f3 que hay una alta demanda de maestros en la entidad veracruzana pues aunque durante la pandemia se redujo, actualmente la necesidad de docentes en el estado es constante. <\/p>\n\n\n\n<p>\u201cDe momento no hay proyecci\u00f3n para ampliar la matr\u00edcula; la demanda ha sido constate en los \u00faltimos cinco a\u00f1os, se redujo en pandemia pero ha sido constante\u201d, dijo.  <\/p>\n\n\n\n<p>Cabe destacar que esta instituci\u00f3n ofrece cinco licenciaturas; educaci\u00f3n primaria, que es la m\u00e1s antigua; preescolar; educaci\u00f3n f\u00edsica; educaci\u00f3n especial; y ense\u00f1anza y aprendizaje en telesecundaria.<\/p>\n","protected":false},"excerpt":{"rendered":"<p>Sam Ojeda \/ NV Noticias Xalapa.- Son 2 mil los estudiantes que buscan ingresar a la Benem\u00e9rita Escuela Normal Veracruzana \u201cEnrique C. R\u00e9bsamen\u201d pero solo hay espacio para 360, reconoci\u00f3 el director de la instituci\u00f3n, Gerardo G\u00f3mez Salas. Lo anterior quiere decir que casi mil 700 estudiantes se quedar\u00e1n fuera durante este a\u00f1o; sin embargo, [&hellip;]<\/p>\n","protected":false},"author":8,"featured_media":176470,"comment_status":"open","ping_status":"open","sticky":false,"template":"","format":"standard","meta":{"_monsterinsights_skip_tracking":false,"_monsterinsights_sitenote_active":false,"_monsterinsights_sitenote_note":"","_monsterinsights_sitenote_category":0,"footnotes":""},"categories":[156],"tags":[23206,277],"class_list":["post-176469","post","type-post","status-publish","format-standard","has-post-thumbnail","hentry","category-estado","tag-enrique-c-rebsamen","tag-estudiantes","wp-image-borders"],"amp_enabled":true,"_links":{"self":[{"href":"https:\/\/nvnoticias.mx\/index.php\/wp-json\/wp\/v2\/posts\/176469","targetHints":{"allow":["GET"]}}],"collection":[{"href":"https:\/\/nvnoticias.mx\/index.php\/wp-json\/wp\/v2\/posts"}],"about":[{"href":"https:\/\/nvnoticias.mx\/index.php\/wp-json\/wp\/v2\/types\/post"}],"author":[{"embeddable":true,"href":"https:\/\/nvnoticias.mx\/index.php\/wp-json\/wp\/v2\/users\/8"}],"replies":[{"embeddable":true,"href":"https:\/\/nvnoticias.mx\/index.php\/wp-json\/wp\/v2\/comments?post=176469"}],"version-history":[{"count":1,"href":"https:\/\/nvnoticias.mx\/index.php\/wp-json\/wp\/v2\/posts\/176469\/revisions"}],"predecessor-version":[{"id":176471,"href":"https:\/\/nvnoticias.mx\/index.php\/wp-json\/wp\/v2\/posts\/176469\/revisions\/176471"}],"wp:featuredmedia":[{"embeddable":true,"href":"https:\/\/nvnoticias.mx\/index.php\/wp-json\/wp\/v2\/media\/176470"}],"wp:attachment":[{"href":"https:\/\/nvnoticias.mx\/index.php\/wp-json\/wp\/v2\/media?parent=176469"}],"wp:term":[{"taxonomy":"category","embeddable":true,"href":"https:\/\/nvnoticias.mx\/index.php\/wp-json\/wp\/v2\/categories?post=176469"},{"taxonomy":"post_tag","embeddable":true,"href":"https:\/\/nvnoticias.mx\/index.php\/wp-json\/wp\/v2\/tags?post=176469"}],"curies":[{"name":"wp","href":"https:\/\/api.w.org\/{rel}","templated":true}]}}