{"id":176466,"date":"2025-03-17T13:02:23","date_gmt":"2025-03-17T19:02:23","guid":{"rendered":"https:\/\/nvnoticias.mx\/?p=176466"},"modified":"2025-03-17T13:02:25","modified_gmt":"2025-03-17T19:02:25","slug":"pide-ip-retomar-presencia-en-mesa-de-seguridad","status":"publish","type":"post","link":"https:\/\/nvnoticias.mx\/index.php\/2025\/03\/17\/pide-ip-retomar-presencia-en-mesa-de-seguridad\/","title":{"rendered":"Pide IP retomar presencia en Mesa de Seguridad"},"content":{"rendered":"\n<p><\/p>\n\n\n\n<p><strong>Jes\u00fas Utrilla \/ NV Noticias<\/strong><\/p>\n\n\n\n<p>Organismos empresariales de la zona conurbada Veracruz-Boca del R\u00edo buscan retomar su participaci\u00f3n en las Mesas de Seguridad, inform\u00f3 el presidente de la C\u00e1mara Nacional de Comercio (Canaco) en Veracruz, Tom\u00e1s M\u00e9ndez Valerio.<\/p>\n\n\n\n<p>Admiti\u00f3 que iniciaron acercamientos con las autoridades para reincorporarse a estas reuniones y fortalecer la seguridad en la regi\u00f3n, pues se trata de espacios de di\u00e1logo con autoridades de los tres niveles de gobierno<\/p>\n\n\n\n<p>\u201cAntes particip\u00e1bamos en estas mesas, pero desafortunadamente dejamos de hacerlo. Ahora estamos en pl\u00e1ticas para reactivar nuestra presencia y contribuir a mejorar la seguridad\u201d, explic\u00f3.<\/p>\n\n\n\n<p>Respecto a la situaci\u00f3n delictiva en la conurbaci\u00f3n, M\u00e9ndez Valerio se\u00f1al\u00f3 que si bien se han reportado robos, estos afectan en mayor medida a viviendas que a negocios establecidos.<\/p>\n\n\n\n<p>Sobre el funcionamiento de las c\u00e1maras de videovigilancia en la ciudad, el l\u00edder empresarial reconoci\u00f3 que algunas operan correctamente, mientras que otras no. Por ello, consider\u00f3 necesario establecer un di\u00e1logo con las autoridades de seguridad para evaluar y mejorar la situaci\u00f3n.<\/p>\n\n\n\n<p>\u201cEs importante reforzar la comunicaci\u00f3n con la Polic\u00eda Naval y Seguridad P\u00fablica para garantizar una vigilancia efectiva y reducir incidentes\u201d.<\/p>\n\n\n\n<p>En el centro hist\u00f3rico de Veracruz la incidencia delictiva es baja, aunque insisti\u00f3 en la importancia de mantener un monitoreo constante. Los empresarios esperan que en los pr\u00f3ximos d\u00edas se concreten reuniones con las autoridades para definir estrategias conjuntas que fortalezcan la seguridad en la regi\u00f3n.<\/p>\n","protected":false},"excerpt":{"rendered":"<p>Jes\u00fas Utrilla \/ NV Noticias Organismos empresariales de la zona conurbada Veracruz-Boca del R\u00edo buscan retomar su participaci\u00f3n en las Mesas de Seguridad, inform\u00f3 el presidente de la C\u00e1mara Nacional de Comercio (Canaco) en Veracruz, Tom\u00e1s M\u00e9ndez Valerio. Admiti\u00f3 que iniciaron acercamientos con las autoridades para reincorporarse a estas reuniones y fortalecer la seguridad en [&hellip;]<\/p>\n","protected":false},"author":8,"featured_media":176467,"comment_status":"open","ping_status":"open","sticky":false,"template":"","format":"standard","meta":{"_monsterinsights_skip_tracking":false,"_monsterinsights_sitenote_active":false,"_monsterinsights_sitenote_note":"","_monsterinsights_sitenote_category":0,"footnotes":""},"categories":[154],"tags":[27673],"class_list":["post-176466","post","type-post","status-publish","format-standard","has-post-thumbnail","hentry","category-veracruz","tag-canaco-veracruz","wp-image-borders"],"amp_enabled":true,"_links":{"self":[{"href":"https:\/\/nvnoticias.mx\/index.php\/wp-json\/wp\/v2\/posts\/176466","targetHints":{"allow":["GET"]}}],"collection":[{"href":"https:\/\/nvnoticias.mx\/index.php\/wp-json\/wp\/v2\/posts"}],"about":[{"href":"https:\/\/nvnoticias.mx\/index.php\/wp-json\/wp\/v2\/types\/post"}],"author":[{"embeddable":true,"href":"https:\/\/nvnoticias.mx\/index.php\/wp-json\/wp\/v2\/users\/8"}],"replies":[{"embeddable":true,"href":"https:\/\/nvnoticias.mx\/index.php\/wp-json\/wp\/v2\/comments?post=176466"}],"version-history":[{"count":1,"href":"https:\/\/nvnoticias.mx\/index.php\/wp-json\/wp\/v2\/posts\/176466\/revisions"}],"predecessor-version":[{"id":176468,"href":"https:\/\/nvnoticias.mx\/index.php\/wp-json\/wp\/v2\/posts\/176466\/revisions\/176468"}],"wp:featuredmedia":[{"embeddable":true,"href":"https:\/\/nvnoticias.mx\/index.php\/wp-json\/wp\/v2\/media\/176467"}],"wp:attachment":[{"href":"https:\/\/nvnoticias.mx\/index.php\/wp-json\/wp\/v2\/media?parent=176466"}],"wp:term":[{"taxonomy":"category","embeddable":true,"href":"https:\/\/nvnoticias.mx\/index.php\/wp-json\/wp\/v2\/categories?post=176466"},{"taxonomy":"post_tag","embeddable":true,"href":"https:\/\/nvnoticias.mx\/index.php\/wp-json\/wp\/v2\/tags?post=176466"}],"curies":[{"name":"wp","href":"https:\/\/api.w.org\/{rel}","templated":true}]}}