{"id":176459,"date":"2025-03-17T12:51:17","date_gmt":"2025-03-17T18:51:17","guid":{"rendered":"https:\/\/nvnoticias.mx\/?p=176459"},"modified":"2025-03-17T12:51:19","modified_gmt":"2025-03-17T18:51:19","slug":"saldo-blanco-reporta-asipona-luego-del-hundimiento-de-remolcador-en-puerto-de-veracruz","status":"publish","type":"post","link":"https:\/\/nvnoticias.mx\/index.php\/2025\/03\/17\/saldo-blanco-reporta-asipona-luego-del-hundimiento-de-remolcador-en-puerto-de-veracruz\/","title":{"rendered":"Saldo blanco reporta Asipona luego del hundimiento de remolcador en Puerto de Veracruz"},"content":{"rendered":"\n<p><\/p>\n\n\n\n<p><strong>Jes\u00fas Utrilla \/ NV Noticias<\/strong><\/p>\n\n\n\n<p>Asipona inform\u00f3 que el  remolcador que se hundi\u00f3 en el Puerto de Veracruz ten\u00eda a bordo a dos tripulantes, pero no almacenaba combustible en sus tanques, por lo que no hubo riesgo de contaminaci\u00f3n. Adem\u00e1s, no se reportaron personas lesionadas. <\/p>\n\n\n\n<p>El Centro de Control de Tr\u00e1fico Mar\u00edtimo report\u00f3 que el remolcador Provincia de Azuay, de bandera ecuatoriana, comenz\u00f3 a hundirse mientras permanec\u00eda atracado en el muelle 2 este del puerto de Veracruz.<\/p>\n\n\n\n<p>Ante la situaci\u00f3n, la Administraci\u00f3n del Sistema Portuario Nacional (ASIPONA) Veracruz activ\u00f3 de inmediato los protocolos de emergencia en coordinaci\u00f3n con la Primera Regi\u00f3n Naval, REMAFE, bomberos, ENSAR, el remolcador Reylaver, UNAPROP y otras unidades especializadas. <\/p>\n\n\n\n<p>Para evitar posibles da\u00f1os ambientales, se instalaron barreras de contenci\u00f3n para prevenir derrames.<\/p>\n\n\n\n<p>ASIPONA Veracruz contin\u00faa trabajando en conjunto con las autoridades competentes para llevar a cabo las acciones necesarias para la recuperaci\u00f3n de la embarcaci\u00f3n.<\/p>\n","protected":false},"excerpt":{"rendered":"<p>Jes\u00fas Utrilla \/ NV Noticias Asipona inform\u00f3 que el remolcador que se hundi\u00f3 en el Puerto de Veracruz ten\u00eda a bordo a dos tripulantes, pero no almacenaba combustible en sus tanques, por lo que no hubo riesgo de contaminaci\u00f3n. Adem\u00e1s, no se reportaron personas lesionadas. El Centro de Control de Tr\u00e1fico Mar\u00edtimo report\u00f3 que el [&hellip;]<\/p>\n","protected":false},"author":8,"featured_media":176460,"comment_status":"open","ping_status":"open","sticky":false,"template":"","format":"standard","meta":{"_monsterinsights_skip_tracking":false,"_monsterinsights_sitenote_active":false,"_monsterinsights_sitenote_note":"","_monsterinsights_sitenote_category":0,"footnotes":""},"categories":[154],"tags":[25953,20717],"class_list":["post-176459","post","type-post","status-publish","format-standard","has-post-thumbnail","hentry","category-veracruz","tag-asipona-veracruz","tag-remolque","wp-image-borders"],"amp_enabled":true,"_links":{"self":[{"href":"https:\/\/nvnoticias.mx\/index.php\/wp-json\/wp\/v2\/posts\/176459","targetHints":{"allow":["GET"]}}],"collection":[{"href":"https:\/\/nvnoticias.mx\/index.php\/wp-json\/wp\/v2\/posts"}],"about":[{"href":"https:\/\/nvnoticias.mx\/index.php\/wp-json\/wp\/v2\/types\/post"}],"author":[{"embeddable":true,"href":"https:\/\/nvnoticias.mx\/index.php\/wp-json\/wp\/v2\/users\/8"}],"replies":[{"embeddable":true,"href":"https:\/\/nvnoticias.mx\/index.php\/wp-json\/wp\/v2\/comments?post=176459"}],"version-history":[{"count":1,"href":"https:\/\/nvnoticias.mx\/index.php\/wp-json\/wp\/v2\/posts\/176459\/revisions"}],"predecessor-version":[{"id":176461,"href":"https:\/\/nvnoticias.mx\/index.php\/wp-json\/wp\/v2\/posts\/176459\/revisions\/176461"}],"wp:featuredmedia":[{"embeddable":true,"href":"https:\/\/nvnoticias.mx\/index.php\/wp-json\/wp\/v2\/media\/176460"}],"wp:attachment":[{"href":"https:\/\/nvnoticias.mx\/index.php\/wp-json\/wp\/v2\/media?parent=176459"}],"wp:term":[{"taxonomy":"category","embeddable":true,"href":"https:\/\/nvnoticias.mx\/index.php\/wp-json\/wp\/v2\/categories?post=176459"},{"taxonomy":"post_tag","embeddable":true,"href":"https:\/\/nvnoticias.mx\/index.php\/wp-json\/wp\/v2\/tags?post=176459"}],"curies":[{"name":"wp","href":"https:\/\/api.w.org\/{rel}","templated":true}]}}