{"id":176438,"date":"2025-03-17T11:28:37","date_gmt":"2025-03-17T17:28:37","guid":{"rendered":"https:\/\/nvnoticias.mx\/?p=176438"},"modified":"2025-03-17T11:28:39","modified_gmt":"2025-03-17T17:28:39","slug":"opina-sheinbaum-tras-declaraciones-de-norona-sobre-teuchitlan","status":"publish","type":"post","link":"https:\/\/nvnoticias.mx\/index.php\/2025\/03\/17\/opina-sheinbaum-tras-declaraciones-de-norona-sobre-teuchitlan\/","title":{"rendered":"Opina Sheinbaum tras declaraciones de Noro\u00f1a sobre Teuchitl\u00e1n"},"content":{"rendered":"\n<h2 class=\"wp-block-heading\"><\/h2>\n\n\n\n<p>La presidenta Sheinbaum asegur\u00f3 que Gerardo Fern\u00e1ndez Noro\u00f1a tiene derecho a expresar sus opiniones sobre el\u00a0caso de Teuchitl\u00e1n, Jalisco, pero hizo un llamado a esperar la informaci\u00f3n sobre qu\u00e9 pas\u00f3 y los avances de las investigaciones.\u00a0<\/p>\n\n\n\n<blockquote class=\"wp-block-quote is-layout-flow wp-block-quote-is-layout-flow\">\n<p>\u201c<strong>\u00c9l tiene derecho a expresar sus opiniones.&nbsp;<\/strong>Por eso digo que hay que esperar a saber qu\u00e9 pas\u00f3, con la informaci\u00f3n que d\u00e9 a conocer la Fiscal\u00eda\u201d, agreg\u00f3 la mandataria.&nbsp;<\/p>\n<\/blockquote>\n\n\n\n<p>El presidente del Senado fue criticado en redes sociales tras acusar de un \u201cgolpeteo medi\u00e1tico\u201d por el caso Teuchitl\u00e1n y tambi\u00e9n por cuestionar: \u201c\u00bfQui\u00e9n dice que los zapatos son de desaparecidos?\u201d<\/p>\n\n\n\n<p><strong>Fern\u00e1ndez Noro\u00f1a<\/strong>\u00a0tambi\u00e9n critic\u00f3 que todo son especulaciones porque no se tiene certeza de que las personas murieron en el\u00a0rancho Izaguirre.<\/p>\n\n\n\n<p>Fuente: El <a href=\"https:\/\/www.elfinanciero.com.mx\/nacional\/2025\/03\/17\/claudia-sheinbaum-mananera-temas-hoy-17-de-marzo-de-2025-en-vivo\/\">Financiero<\/a> <\/p>\n\n\n\n<p><\/p>\n\n\n\n<p><\/p>\n\n\n\n<p><\/p>\n","protected":false},"excerpt":{"rendered":"<p>La presidenta Sheinbaum asegur\u00f3 que Gerardo Fern\u00e1ndez Noro\u00f1a tiene derecho a expresar sus opiniones sobre el\u00a0caso de Teuchitl\u00e1n, Jalisco, pero hizo un llamado a esperar la informaci\u00f3n sobre qu\u00e9 pas\u00f3 y los avances de las investigaciones.\u00a0 \u201c\u00c9l tiene derecho a expresar sus opiniones.&nbsp;Por eso digo que hay que esperar a saber qu\u00e9 pas\u00f3, con la [&hellip;]<\/p>\n","protected":false},"author":35,"featured_media":176087,"comment_status":"open","ping_status":"open","sticky":false,"template":"","format":"standard","meta":{"_monsterinsights_skip_tracking":false,"_monsterinsights_sitenote_active":false,"_monsterinsights_sitenote_note":"","_monsterinsights_sitenote_category":0,"footnotes":""},"categories":[157],"tags":[31731,2801,8970],"class_list":["post-176438","post","type-post","status-publish","format-standard","has-post-thumbnail","hentry","category-nacional","tag-caso-izaguirre","tag-claudia-sheinbaum","tag-gerardo-fernandez-norona","wp-image-borders"],"amp_enabled":true,"_links":{"self":[{"href":"https:\/\/nvnoticias.mx\/index.php\/wp-json\/wp\/v2\/posts\/176438","targetHints":{"allow":["GET"]}}],"collection":[{"href":"https:\/\/nvnoticias.mx\/index.php\/wp-json\/wp\/v2\/posts"}],"about":[{"href":"https:\/\/nvnoticias.mx\/index.php\/wp-json\/wp\/v2\/types\/post"}],"author":[{"embeddable":true,"href":"https:\/\/nvnoticias.mx\/index.php\/wp-json\/wp\/v2\/users\/35"}],"replies":[{"embeddable":true,"href":"https:\/\/nvnoticias.mx\/index.php\/wp-json\/wp\/v2\/comments?post=176438"}],"version-history":[{"count":3,"href":"https:\/\/nvnoticias.mx\/index.php\/wp-json\/wp\/v2\/posts\/176438\/revisions"}],"predecessor-version":[{"id":176441,"href":"https:\/\/nvnoticias.mx\/index.php\/wp-json\/wp\/v2\/posts\/176438\/revisions\/176441"}],"wp:featuredmedia":[{"embeddable":true,"href":"https:\/\/nvnoticias.mx\/index.php\/wp-json\/wp\/v2\/media\/176087"}],"wp:attachment":[{"href":"https:\/\/nvnoticias.mx\/index.php\/wp-json\/wp\/v2\/media?parent=176438"}],"wp:term":[{"taxonomy":"category","embeddable":true,"href":"https:\/\/nvnoticias.mx\/index.php\/wp-json\/wp\/v2\/categories?post=176438"},{"taxonomy":"post_tag","embeddable":true,"href":"https:\/\/nvnoticias.mx\/index.php\/wp-json\/wp\/v2\/tags?post=176438"}],"curies":[{"name":"wp","href":"https:\/\/api.w.org\/{rel}","templated":true}]}}